{"id":122,"date":"2011-08-22T00:24:23","date_gmt":"2011-08-22T04:24:23","guid":{"rendered":"http:\/\/zhidmad.gob.ec\/azuay\/?p=122"},"modified":"2011-08-22T00:24:23","modified_gmt":"2011-08-22T04:24:23","slug":"noticias","status":"publish","type":"post","link":"https:\/\/zhidmad.gob.ec\/azuay\/noticias\/","title":{"rendered":"Noticias"},"content":{"rendered":"<p class=\"MsoBodyTextFirstIndent\"><b><span>DISE\u00d1OS PRELIMINARES PARA LA CONSTRUCCION DEL RELLENO SANITARIO Y OBRAS CIVILES DEL ECOPARQUE PARA LA GESTION DE RESIDUOS SOLIDOS DE LA EMPRESA MUNICIPAL MANCOMUNADA DE ASEO INTEGRAL DE LA CUENCA DEL RIO PAUTE \u00a0\u00a0\u00a0\u00a0\u00a0( EMMAI-CP-EP), UBICADO EN LA PARROQUIA ZHIDMAD, CANTON GUALACEO, PROVINCIA DEL AZUAY.<\/span><\/b><\/p>\n<p class=\"MsoBodyTextFirstIndent\"><b><span>\u00a0<\/span><\/b><\/p>\n<p align=\"center\" class=\"MsoBodyTextFirstIndent\"><b><span>\u201cMEMORIA EJECUTIVA Y DESCRIPTIVA\u201d<\/span><\/b><\/p>\n<p class=\"MsoBodyTextFirstIndent\"><b><span>\u00a0<\/span><\/b><\/p>\n<ol style=\"list-style-type: upper-roman;\">\n<li><b><span>INFORME\u00a0\u00a0 DEFINITIVO<\/span><\/b><\/li>\n<\/ol>\n<p class=\"MsoBodyTextFirstIndent\"><b><span>\u00a0<\/span><\/b><\/p>\n<ol>\n<li><strong>\u00a0<\/strong><\/li>\n<\/ol>\n<p class=\"MsoNormal\"><span>\u00a0<\/span><\/p>\n<p class=\"MsoNormal\"><span>A partir del mes de septiembre del a\u00f1o 2010 la Fundaci\u00f3n Espa\u00f1ola Instituto de Promoci\u00f3n y Apoyo al Desarrollo IPADE con el Financiamiento de la Agencia Espa\u00f1ola de Cooperaci\u00f3n Internacional para el Desarrollo AECID ejecuta en el Ecuador el Convenio 10-CO1-059 \u201c<\/span><span>Mejora de la gesti\u00f3n integral de residuos mediante la creaci\u00f3n de empresas modelo mancomunadas y la formaci\u00f3n de t\u00e9cnicos especializados municipales. Ecuador\u201d, este convenio se desarrolla con car\u00e1cter nacional vinculando en su primera etapa a cantones de las provincias de Azuay, Chimborazo, Guayas, Manab\u00ed, Tungurahua con quienes se trabaja sobre el modelo mancomunado para la prestaci\u00f3n del servicio de gesti\u00f3n de integral de residuos s\u00f3lidos, la duraci\u00f3n del convenio est\u00e1 prevista en cuatro a\u00f1os.<\/span><\/p>\n<p class=\"MsoNormal\"><span>\u00a0<\/span><\/p>\n<p class=\"MsoNormal\"><span>En la provincia del Azuay concretamente se interviene en los municipios de Gualaceo, Chordeleg, Sigsig, El Pan, Guachapala con quienes se ha formado una Empresa Municipal P\u00fablica Mancomunada para la gesti\u00f3n de residuos s\u00f3lidos (EMMAI-CP-EP), la cual goza de vida jur\u00eddica desde el mes de noviembre de 2010.<\/span><\/p>\n<p class=\"MsoNormal\"><span>\u00a0<\/span><\/p>\n<p class=\"MsoNormal\"><span>Mediante el Convenio AECID-IPADE \u201c<\/span><span>Mejora de la gesti\u00f3n integral de residuos mediante la creaci\u00f3n de empresas modelo mancomunadas y la formaci\u00f3n de t\u00e9cnicos especializados municipales. Ecuador\u201d<\/span><span>, la Fundaci\u00f3n IPADE favorecer\u00e1 la mejora del sistema de gesti\u00f3n de residuos s\u00f3lidos de los municipios beneficiarios incidiendo en las <\/span><span>deficiencias que determinan que los municipios ecuatorianos no dispongan de un sistema adecuado de saneamiento ambiental. Para ello, se<\/span><span> propone poner en marcha y fortalecer experiencias de gesti\u00f3n integral mancomunada de residuos s\u00f3lidos en al menos quince municipios de Ecuador, localizados en la costa, sierra y austro del pa\u00eds con el prop\u00f3sito de mejorar la calidad de vida de la poblaci\u00f3n, reduciendo los riesgos vinculados a la contaminaci\u00f3n y deterioro medioambiental, la gesti\u00f3n sostenible de los servicios p\u00fablicos, el desarrollo local descentralizado y la reducci\u00f3n de los riesgos ambientales para la salud. <\/span><\/p>\n<p class=\"MsoNormal\"><span>\u00a0<\/span><\/p>\n<p class=\"MsoBodyText\"><span>Para ello y con vistas a la consecuci\u00f3n del objetivo del Convenio se act\u00faa en las siguientes l\u00edneas de acci\u00f3n:<\/span><\/p>\n<p class=\"MsoBodyText\"><span>1. Desarrollo y fortalecimiento de las capacidades institucionales de los municipios beneficiarios para garantizar la gesti\u00f3n integral de los residuos s\u00f3lidos de sus territorios.<\/span><\/p>\n<p class=\"MsoBodyText\"><span>2. Puesta en marcha de modelos<\/span><span> integrales sostenibles que incluyen el barrido, la recogida selectiva, las plantas de tratamiento de materia org\u00e1nica y los rellenos sanitarios gestionados a trav\u00e9s de las empresas mancomunadas constituidas.<\/span><\/p>\n<p class=\"MsoBodyText\"><span>3. Puesta en marcha de modelos sostenibles para la gesti\u00f3n de residuos biopeligrosos <\/span><\/p>\n<p class=\"MsoBodyText\"><span>5. Capacitaci\u00f3n de t\u00e9cnicos municipales a trav\u00e9s de programas de formaci\u00f3n en red en materia de gesti\u00f3n integral de residuos.<\/span><\/p>\n<p class=\"MsoBodyText\"><span>6. Mejora del conocimiento t\u00e9cnico de los municipios favoreciendo el intercambio de experiencias y la sistematizaci\u00f3n de modelos de gesti\u00f3n entre administraciones locales y espa\u00f1olas. <\/span><\/p>\n<p class=\"MsoNormal\"><span>La intervenci\u00f3n de IPADE se enmarca dentro de las prioridades geogr\u00e1ficas y sectoriales acordadas en la Estrategia de IPADE para el periodo 2005-2012, es asimismo, coherente con las prioridades sectoriales y geogr\u00e1ficas establecidas en el Plan Director 2009-2012 y con las prioridades del Documento de Estrategia Pa\u00eds de la Agencia Espa\u00f1ola de Cooperaci\u00f3n Internacional para el Desarrollo. <\/span><\/p>\n<p class=\"MsoNormal\"><span>\u00a0<\/span><\/p>\n<p class=\"MsoNormal\"><span>Por otra parte contribuir\u00e1 a que Ecuador haga frente a los compromisos asumidos en acuerdos internacionales suscritos en materia de medioambiente y favorecer\u00e1 el avance hacia el cumplimiento de los Objetivos de Desarrollo Internacional, especialmente, aquellos referidos a sostenibilidad y preservaci\u00f3n medioambiental, reconocidos como fundamentales en la lucha contra la pobreza y la consecuci\u00f3n de los otros ODI. A nivel pa\u00eds, el Convenio se enmarca en el cumplimiento de los objetivos y metas del Plan de Reordenamiento de la Gesti\u00f3n Integral de Residuos S\u00f3lidos del Ecuador y los planes de desarrollo de los cantones involucrados.<\/span><\/p>\n<p class=\"MsoNormal\"><span>\u00a0<\/span><\/p>\n<p class=\"MsoNormal\"><span>\u00a0<\/span><\/p>\n<ol>\n<li><strong>\u00a0<\/strong><\/li>\n<\/ol>\n<p class=\"PlainText\"><span>\u00a0<\/span><\/p>\n<p class=\"PlainText\"><span>\u00a0<\/span><\/p>\n<p class=\"MsoNormal\"><span>Dentro del convenio \u201cMejora de la gesti\u00f3n integral de residuos mediante la creaci\u00f3n de empresas modelo mancomunadas y la formaci\u00f3n de t\u00e9cnicos especializados municipales. Ecuador\u201d se han contemplado cinco Acciones y dentro de cada una de ellas la obtenci\u00f3n de resultados concretos, la ACCION 1: Mejorada la Gesti\u00f3n Integral de Residuos S\u00f3lidos (GIRS) Urbanos sostenible en la provincia de Azuay, contempla el Resultado 1<\/span><b><span style=\"text-decoration: underline;\"><span>.<\/span><\/span><\/b><span> <span>Fortalecidos los municipios de la provincia de Azuay para la correcta gesti\u00f3n mancomunada de los Residuos S\u00f3lidos Urbanos, dentro del cual la Actividad AZ.R1.A6 ESTUDIO DE ALTERNATIVAS AMBIENTALES PARA EL EMPLAZAMIENTO DEL CENTRO DE GESTION, el desarrollo de dicha actividad permiti\u00f3 al equipo t\u00e9cnico de la EMMAI-CP-EP, mediante el uso de un sistema de informaci\u00f3n geogr\u00e1fico determinar la ubicaci\u00f3n de un terreno que cumpla con todos los requerimientos t\u00e9cnicos y legales establecidos en las normas de dise\u00f1o para la construcci\u00f3n del centro de gesti\u00f3n de residuos s\u00f3lidos en el sector de Burazhun, parroquia Zidmad, Cant\u00f3n Gualaceo, alrededor de las coordenadas 734.150 este y 9.678.050 norte sobre un \u00e1rea de 5.8 hect\u00e1reas. <\/span><\/span><\/p>\n<p class=\"MsoNormal\"><span>Dentro de la misma Acci\u00f3n se contempla en el <\/span><span>Resultado 2. \u201c<span>Implementadas infraestructuras para la gesti\u00f3n de residuos s\u00f3lidos urbanos\u201d, la actividad <\/span><\/span><span>AZ.R2<\/span><span>.A4 \u201cElaboraci\u00f3n de proyecto de ejecuci\u00f3n material del sistema de gesti\u00f3n\u201d a la cual obedece la redacci\u00f3n de este documento. La Fundaci\u00f3n IPADE habiendo presupuestado dentro para el a\u00f1o 2011 la ejecuci\u00f3n de esta actividad mediante la modalidad de consultor\u00eda, con apego a las normas del financiador procedi\u00f3 a la selecci\u00f3n y contrataci\u00f3n del los dise\u00f1os definitivos del ecoparque ubicado en la parroquia San Bartolom\u00e9 del cant\u00f3n Sigsig, sin embargo la negativa para la construcci\u00f3n del proyecto en esa zona determin\u00f3 la realizaci\u00f3n de un nuevo estudio sobre la alternativa de la parroquia Zhidmad en el cant\u00f3n Gualaceo, para lo cual la EMMAICP-EP en apego a lo dictaminado en la LOSNCP con la finalidad de contar con todos los medios necesarios desde el punto de vista t\u00e9cnico para facilitar la ejecuci\u00f3n de obras civiles para el centro de gesti\u00f3n integral de residuos s\u00f3lidos de la EMMAI-CP-EP, procedi\u00f3 a la actualizaci\u00f3n de los antes mencionados estudios para contar con los elementos necesarios para la construcci\u00f3n del ECOPARQUE de propiedad de la EMMAICP-EP.<span>\u00a0<\/span><\/span><\/p>\n<p> <span><br clear=\"all\" \/><\/span> <\/p>\n<p class=\"MsoNormal\"><span>\u00a0<\/span><\/p>\n<ol>\n<li><strong>\u00a0<\/strong><\/li>\n<\/ol>\n<p class=\"MsoNormal\"><span>\u00a0<\/span><\/p>\n<p class=\"MsoNormal\"><b><span>3.1<span>\u00a0\u00a0\u00a0\u00a0 <\/span>OBJETIVO GENERAL<\/span><\/b><\/p>\n<p class=\"MsoNormal\"><span>\u00a0<\/span><\/p>\n<p class=\"MsoNormal\"><span>La sistematizaci\u00f3n de procesos tendientes a contar con todos los elementos necesarios para la CONSTRUCCION DEL RELLENO SANITARIO Y OBRAS CIVILES DEL ECOPARQUE PARA LA GESTION DE RESIDUOS SOLIDOS DE LA EMPRESA MUNICIPAL MANCOMUNADA DE ASEO INTEGRAL DE LA CUENCA DEL RIO PAUTE ( EMMAI-CP-EP) entendi\u00e9ndose como tales: disposici\u00f3n final de residuos en el centro de integral de gesti\u00f3n, el dimensionamiento del relleno sanitario as\u00ed como de las estructuras que albergar\u00e1n tanto el sistema de reciclaje, compactaci\u00f3n de rechazo y el de compostaje.<\/span><span>\u00a0<\/span><\/p>\n<p class=\"MsoNormal\"><span>\u00a0<\/span><\/p>\n<p class=\"MsoNormal\"><b><span>3.2<span>\u00a0\u00a0\u00a0\u00a0 <\/span>OBJETIVOS ESPECIFICOS<\/span><\/b><\/p>\n<p class=\"MsoNormal\"><span>\u00a0<\/span><\/p>\n<p class=\"MsoNormal\"><span>El objeto del presente trabajo, es la descripci\u00f3n y justificaci\u00f3n de las obras e instalaciones que componen el Centro de Gesti\u00f3n Integral de Residuos, que se presenta como una soluci\u00f3n adecuada para la gesti\u00f3n medioambiental de los distintos tipos de residuos generados, mediante, la reintroducci\u00f3n en el ciclo de consumo de los componentes de valor contenidos en los mismos y la disposici\u00f3n final del rechazo.<\/span><\/p>\n<p class=\"MsoNormal\"><span>\u00a0<\/span><\/p>\n<p class=\"MsoNormal\"><span>Para esto se desarrollar\u00e1n los <\/span><span>Estudios de factibilidad completos que validen el emplazamiento de obras civiles dentro del centro de gesti\u00f3n.<\/span><span>\u00a0<\/span><\/p>\n<p class=\"MsoNormal\"><span>\u00a0<\/span><\/p>\n<ol>\n<li><strong>\u00a0<\/strong><\/li>\n<\/ol>\n<p class=\"MsoNormal\"><span>\u00a0<\/span><\/p>\n<p class=\"MsoNormal\"><span>La presente consultor\u00eda dotar\u00e1 a la EMMAI-CP-EP, de los medios necesarios para realizar la ejecuci\u00f3n de las obras civiles del centro de gesti\u00f3n integral de residuos s\u00f3lidos al proporcionar los elementos h\u00e1biles para dimensionar el sistema de clasificaci\u00f3n, reciclaje de residuos tanto org\u00e1nicos como inorg\u00e1nicos as\u00ed como la tecnolog\u00eda para su disposici\u00f3n final.<\/span><\/p>\n<p class=\"MsoNormal\"><span>\u00a0<\/span><\/p>\n<p class=\"MsoNormal\"><span>Para lograr estos resultados se aprovechar\u00e1n todos los resultados que se han obtenido durante la ejecuci\u00f3n del Convenio por parte de la fundaci\u00f3n IPADE y los datos proporcionados por el personal t\u00e9cnico de la EMMAI-CP-EP, complement\u00e1ndose con el trabajo de campo que fuese necesario.<\/span><\/p>\n<p class=\"MsoNormal\"><span>\u00a0<\/span><\/p>\n<p class=\"MsoNormal\"><span>Con la experiencia de proyectos semejantes impulsados por la Fundaci\u00f3n IPADE se han establecido los par\u00e1metros y la tecnolog\u00eda constructiva adecuada buscando causar el menor impacto negativo al entorno, para lo cual, se ha tomado en cuenta las recomendaciones formuladas en el estudio de prefactibilidad realizado por la Fundaci\u00f3n IPADE.<\/span><\/p>\n<p class=\"MsoNormal\"><span>\u00a0<\/span><\/p>\n<p class=\"MsoNormal\"><span>Los objetivos que se alcanzar\u00e1n con la implementaci\u00f3n de este centro de gesti\u00f3n ser\u00e1n los siguientes:<\/span><\/p>\n<ul>\n<li class=\"MsoNormal\"><span>Capacidad de tratamiento para los R.S.U. generados en el \u00e1mbito geogr\u00e1fico de los cinco cantones a los que la EMMAI-CP-EP da servicio.<\/span><\/li>\n<li class=\"MsoNormal\"><span>Recuperaci\u00f3n de pl\u00e1sticos, cart\u00f3n, papel, metales magn\u00e9ticos, metales no magn\u00e9ticos y vidrio.<\/span><\/li>\n<li class=\"MsoNormal\"><span>Gesti\u00f3n adecuada de los residuos peligosos.<\/span><\/li>\n<li class=\"MsoNormal\"><span>Reciclaje de los bioresiduos con la obtenci\u00f3n de un compost de alta calidad.<\/span><\/li>\n<li class=\"MsoNormal\"><span>Reducci\u00f3n al m\u00ednimo del impacto ambiental con el estricto cumplimiento de la normativa legal al respecto.<\/span><\/li>\n<li class=\"MsoNormal\"><span>Optimizaci\u00f3n del coste de explotaci\u00f3n.<\/span><\/li>\n<li class=\"MsoNormal\"><span>Creaci\u00f3n de puestos de trabajo directos e inducidos en el mismo \u00e1mbito geogr\u00e1fico al que afecta la instalaci\u00f3n de tratamiento.<\/span><\/li>\n<li class=\"MsoNormal\"><span>Eliminaci\u00f3n del los botaderos incontrolados existentes en la zona.<\/span><\/li>\n<li class=\"MsoNormal\"><span>Dise\u00f1o de las instalaciones compatibles con sistemas de Recogida Selectiva previa.<\/span><\/li>\n<li class=\"MsoNormal\"><span>Disposici\u00f3n final adecuada del rechazo de pacas mediante la implementaci\u00f3n de un relleno sanitario <\/span><\/li>\n<\/ul>\n<p class=\"MsoNormal\"><span>\u00a0<\/span><\/p>\n<p> <span><br clear=\"all\" \/><\/span> <\/p>\n<p class=\"MsoFootnoteText\"><span>\u00a0<\/span><\/p>\n<ol>\n<li><strong>\u00a0<\/strong><\/li>\n<\/ol>\n<p class=\"MsoNormal\"><span>\u00a0<\/span><\/p>\n<p class=\"MsoNormal\"><b><span>5.1<span>\u00a0\u00a0\u00a0\u00a0 <\/span>AN\u00c1LISIS DE OFERTA Y DEMANDA<\/span><\/b><\/p>\n<p><strong><span>5.1.1 Oferta <\/span><\/strong><\/p>\n<p class=\"Documento1\"><span>\u00a0<\/span><\/p>\n<p class=\"Documento1\"><span>La EMMAI-CP-EP brinda servicio a los cantones de Gualaceo, Chordeleg, Sigsig, Guachapala y El Pan, todos ubicados al nor oriente de la provincia del Azuay para lograr un correcto entendimiento de la zona geogr\u00e1fica a la cual abarca el servicio mancomunado as\u00ed como las caracter\u00edsticas de la poblaci\u00f3n servida a continuaci\u00f3n realizaremos una breve descripci\u00f3n de cada uno de los cantones servidos:<\/span><\/p>\n<p class=\"Documento1\"><span>\u00a0<\/span><\/p>\n<p class=\"Documento1\"><span>\u00a0<\/span><\/p>\n<p class=\"Documento1\"><span>\u00a0<\/span><\/p>\n<p class=\"Documento1\"><span>\u00a0<\/span><\/p>\n<p class=\"Documento1\"><span>\u00a0<\/span><\/p>\n<p class=\"Documento1\"><span>\u00a0<\/span><\/p>\n<p class=\"Documento1\"><span>\u00a0<\/span><\/p>\n<p class=\"Documento1\"><span>\u00a0<\/span><\/p>\n<p class=\"Documento1\"><span>\u00a0<\/span><\/p>\n<p class=\"Documento1\"><span>\u00a0<\/span><\/p>\n<p class=\"Documento1\"><span>\u00a0<\/span><\/p>\n<p class=\"Documento1\"><span>\u00a0<\/span><\/p>\n<p class=\"Documento1\"><span>\u00a0<\/span><\/p>\n<p class=\"Documento1\"><span>\u00a0<\/span><\/p>\n<p class=\"Documento1\"><span>\u00a0<\/span><\/p>\n<p class=\"Documento1\"><span>\u00a0<\/span><\/p>\n<p class=\"Documento1\"><span>\u00a0<\/span><\/p>\n<p class=\"Documento1\"><span>\u00a0<\/span><\/p>\n<p class=\"Documento1\"><span>\u00a0<\/span><\/p>\n<p class=\"Documento1\"><span>\u00a0<\/span><\/p>\n<p class=\"Documento1\"><span>\u00a0<\/span><\/p>\n<p class=\"Documento1\"><span>\u00a0<\/span><\/p>\n<p class=\"Documento1\"><span>\u00a0<\/span><\/p>\n<p class=\"Documento1\"><span>\u00a0<\/span><\/p>\n<p align=\"center\" class=\"Documento1\"><b><span>Figura 1. Provincia del Azuay y cantones del estudio<\/span><\/b><\/p>\n<p class=\"Documento1\"><span>\u00a0<\/span><\/p>\n<ol style=\"list-style-type: lower-alpha;\">\n<li><b><span>Gualaceo:<\/span><\/b><span> <\/span><span>Ubicado en la parte nor-oriental de la provincia del Azuay. Limita al norte, el cant\u00f3n Paute; al este, los cantones El Pan y Gral. Leonidas Plaza Guti\u00e9rrez de Morona Santiago; al sur, los cantones Chordeleg y S\u00edgsig; y al oeste, el cant\u00f3n Cuenca.<\/span><\/li>\n<\/ol>\n<p class=\"MsoNormal\"><span>El cant\u00f3n Gualaceo tiene una extensi\u00f3n de 346,5 km\u00b2, ocupa el 4,3 % del territorio provincial; la parroquia m\u00e1s extensa es Lu\u00eds Cordero Vega, representa el 23,4 %, y la m\u00e1s peque\u00f1a es Daniel C\u00f3rdova Toral con el 5.9 % de la superficie total del territorio cantonal.<\/span><\/p>\n<p class=\"MsoNormal\"><span>Comprende la parroquia urbana de Gualaceo cabecera cantonal y las parroquias rurales de Daniel C\u00f3rdoba Toral, Jadan, Mariano Moreno, Remigio Crespo Toral, San Juan, Zhidmad y Luis Cordero Vega, a las cuales se les brinda el servicio de gesti\u00f3n de residuos s\u00f3lidos.<\/span><\/p>\n<p><span>\u00a0<\/span><span>\u00a0<\/span><\/p>\n<ol style=\"list-style-type: lower-alpha;\">\n<li><span>\u00a0<\/span><b><span>Chordeleg<\/span><\/b><span>: El Cant\u00f3n Chordeleg se halla localizado al sur este de la Sierra Ecuatoriana, provincia del Azuay. Se encuentra emplazado en el margen derecho del r\u00edo Santa Barbara a aproximadamente 42 kil\u00f3metros de la ciudad de Cuenca. Posee una temperatura promedio de 16 gc. Se halla dentro de la cuenca del r\u00edo Paute y subcuenca del r\u00edo Santa B\u00e1rbara.<\/span><\/li>\n<\/ol>\n<p class=\"Documento1\"><span>Sus limites son: al norte con el cant\u00f3n Gualaceo cabecera cantonal parroquia Remigio Crespo Toral; al sur con el r\u00edo Burroplaya en toda su extensi\u00f3n; al este con la parroquias Remigio Crespo y Daniel C\u00f3rdova y la Provincia de Morona Santiago; y, al oeste, con la parroquia Guel del cant\u00f3n Sigsig y la parroquia San Juan del cant\u00f3n Gualaceo.<\/span><\/p>\n<p><span>Tiene cinco parroquias: La parroquia urbana de Chordeleg y cuatro parroquias rurales: Principal,\u00a0Delegsol, San Mart\u00edn de Puzhio y La Uni\u00f3n.<\/span><\/p>\n<p class=\"Documento1\"><span>\u00a0<\/span><\/p>\n<ol style=\"list-style-type: lower-alpha;\">\n<li><b><span>Sigsig<\/span><\/b><span> Se encuentra situado al Sureste de la ciudad de Cuenca a 60 kil\u00f3metros por la v\u00eda Sigisg -Gualaceo- Cuenca y a 48 kil\u00f3metros por la v\u00eda Sigsig-El Valle-Cuenca.<\/span><\/li>\n<\/ol>\n<p class=\"Documento1\"><span>Limita al norte con los cantones de Chordeleg y Gualaceo, al sur con la parroquia de Chig\u00fbinda en la provincia de Morona Santiago, al este con Lim\u00f3n Indanza de la misma provincia y al Oeste con la ciudad de Cuenca.<\/span><\/p>\n<p class=\"Documento1\"><span>El cant\u00f3n Sigsig cuenta con una parroquia central, la de San Sebasti\u00e1n del Sigsig y las parroquias civiles de San Bartolom\u00e9, Ludo, Jima, San Jos\u00e9 de Raranga, Cuchil y G\u00fbel.<\/span><\/p>\n<p class=\"Documento1\"><span>\u00a0<\/span><\/p>\n<ol style=\"list-style-type: lower-alpha;\">\n<li><b><span>Guachapala<\/span><\/b><span> Ubicado al nor-este de la provincia del Azuay, est\u00e1 localizado a una distancia de 50km desde Cuenca, a una altitud de 2200 m.s.n.m. Se crea como parroquia del cant\u00f3n Paute el 14 de diciembre de 1.786 y a partir del 31 de enero de 1995 se conforma como Cant\u00f3n, su territorio cubre una superficie de 41,07 kil\u00f3metros cuadrados. Tiene una poblaci\u00f3n aproximada de 4.000 habitantes, y un clima templado, con una temperatura media de 17\u00b0C. El centro cantonal se levanta sobre una peque\u00f1a meseta, en la margen derecha del r\u00edo Paute, a una altura de 2.200 m.s.n.m.<\/span><\/li>\n<li><b><span>El Pan<\/span><\/b><span> est\u00e1 ubicado en el nororiente de la Provincia del Azuay y limita: Al norte con los camones de Guachapala y Sevilla de Oro. Al sur con Gualaceo, al este con Sevilla de Oro y Morona Santiago y al oeste con los cantones de Guachapala y Gualaceo. El cant\u00f3n cuenta con 3.075 habitantes, de los cuales 1.406 son hombres (45.7%.) y 1669 son mujeres (54.3%). (Censo del 2001).En el siglo pasado El Pan contaba como parte de su territorio a Sevilla de Oro, separado el 15 de Enero de 1992 y que en su auge comercial lleg\u00f3 a tener m\u00e1s de 10.000 habitantes.<\/span><\/li>\n<\/ol>\n<p class=\"Documento1\"><span>\u00a0<\/span><\/p>\n<p class=\"Documento1\"><span>La producci\u00f3n diaria de residuos de las zonas urbanas mancomunadas supera las 20 toneladas diarias, y la poblaci\u00f3n servida en esta zona alcanza los 24.000 habitantes, la distribuci\u00f3n de poblaci\u00f3n y producci\u00f3n de residuos se presenta en los gr\u00e1ficos a continuaci\u00f3n mismos que han sido desarrollados con los datos proporcionados por la EMMAI-CP-EP, en cuanto a la poblacion total servida incluyendo zonas rurales esta bordea los 58.197 habitantes y la produccion total de residuos incluyendo mercados bordea las 35 Tn. Diarias, estos claculos se detallan m\u00e1s adelante en la tabla de oferta y demanda por cantones.<\/span><\/p>\n<p class=\"Documento1\"><span>\u00a0<\/span><\/p>\n<p class=\"Documento1\"><span>\u00a0<\/span><\/p>\n<p align=\"center\" class=\"Documento1\"><span>Grafico 1. Distribuci\u00f3n de poblaci\u00f3n urbana con servicio por cantones<\/span><\/p>\n<p class=\"Documento1\"><span>\u00a0<\/span><\/p>\n<p class=\"Documento1\"><span>\u00a0<\/span><\/p>\n<p class=\"Documento1\"><span>\u00a0<\/span><\/p>\n<p align=\"center\" class=\"Documento1\"><span>Grafico 2. Distribuci\u00f3n de producci\u00f3n urbana diaria de residuos por cantones<\/span><\/p>\n<p class=\"Documento1\"><span>\u00a0<\/span><\/p>\n<p class=\"Documento1\"><span>\u00a0<\/span><\/p>\n<p class=\"MsoFooter\"><span>Se presentar\u00e1 una descripci\u00f3n general del \u00e1rea del proyecto en la que consten los puntos relevantes: <\/span><\/p>\n<p class=\"MsoFooter\"><span>\u00a0<\/span><\/p>\n<p class=\"MsoFooter\"><span>Detalle de la red vial urbana de la ciudad, el tipo de capa de rodadura de cada v\u00eda, clasificaci\u00f3n funcional de las v\u00edas y tambi\u00e9n por estructura de pavimento<\/span><\/p>\n<p class=\"MsoFooter\"><span>\u00a0<\/span><\/p>\n<p class=\"MsoFooter\"><span>Detalles de todos los servicios p\u00fablicos existente en la ciudad.<\/span><\/p>\n<p class=\"MsoFooter\"><span>\u00a0<\/span><\/p>\n<p class=\"MsoFooter\"><span>Descripci\u00f3n sobre riesgos naturales: sismos, inundaciones y otros. <\/span><\/p>\n<p class=\"MsoNormal\"><span>\u00a0<\/span><\/p>\n<p class=\"MsoNormal\"><span>La oferta actual del servicio, se determinar\u00e1 a base de una evaluaci\u00f3n de todos los componentes del sistema existente de aseo urbano de la ciudad, en cuanto a su organizaci\u00f3n, recursos existentes, coberturas, costos de operaci\u00f3n y mantenimiento y dem\u00e1s informaci\u00f3n referente a su funcionamiento.<\/span><\/p>\n<p class=\"MsoNormal\"><span>\u00a0<\/span><\/p>\n<p class=\"MsoNormal\"><b><span>5.1.2<\/span><\/b><span> <\/span><b><span>Almacenamiento temporal<\/span><\/b><\/p>\n<p class=\"MsoNormal\"><span>\u00a0<\/span><\/p>\n<p class=\"MsoNormal\"><span>El almacenamiento temporal de residuos en cada uno de los cantones no se ha normado a\u00fan por parte de la EMMAI-CP-EP, por lo cual los habitantes proceden a realizarlo en recipientes sin ning\u00fan tipo de normativa, es de se\u00f1alar que durante la formulaci\u00f3n del convenio se aplic\u00f3 una encuesta de percepci\u00f3n a la poblaci\u00f3n de los cinco cantones sobre la calidad del servicio prestado por los municipios al mes de mayo de 2010, los resultados revelaron entre otros datos de inter\u00e9s que el 93% de la poblaci\u00f3n calific\u00f3 a los recipientes usados para el dep\u00f3sito temporal como no adecuados y por lo tanto solicitaron su unificaci\u00f3n y reposici\u00f3n por parte de las municipalidades as\u00ed como la predisposici\u00f3n a cubrir su costo.<\/span><\/p>\n<p class=\"MsoNormal\"><span>No se realiza clasificaci\u00f3n en la fuente ni separaci\u00f3n por grupos previa la recolecci\u00f3n.<\/span><\/p>\n<p class=\"MsoNormal\"><span>\u00a0<\/span><\/p>\n<p class=\"MsoNormal\"><b><span>5.1.3 <\/span><\/b><b><span>Barrido Recolecci\u00f3n y transporte<\/span><\/b><\/p>\n<p class=\"MsoFootnoteText\"><span>\u00a0<\/span><\/p>\n<p class=\"MsoNormal\"><span>La EMMAI-CP-EP, ha establecido un dise\u00f1o de nuevas rutas de barrido y recolecci\u00f3n como parte de las actividades propias del convenio y para lograr el financiamiento por parte del Banco del Estado para la renovaci\u00f3n de su flota de recolectores, tr\u00e1mite que actualmente se encuentra aprobado y en marcha el proceso de compra, este trabajo fue desarrollado de manera conjunta con la Fundaci\u00f3n IPADE como parte de la asistencia t\u00e9cnica que lleva adelante por lo cual no se proceder\u00e1 a replantear rutas ni frecuencias sino m\u00e1s bien se los asumir\u00e1 como finales.<\/span><span>\u00a0<\/span><\/p>\n<p> <span><br clear=\"all\" \/><\/span> <\/p>\n<p class=\"MsoNormal\"><span><span>\u00a0\u00a0\u00a0\u00a0\u00a0\u00a0\u00a0 <\/span><\/span><\/p>\n<p class=\"MsoNormal\"><b><span>5.1.4 <\/span><\/b><b><span>Eliminaci\u00f3n final<\/span><\/b><\/p>\n<p class=\"MsoFootnoteText\"><span>\u00a0<\/span><\/p>\n<p class=\"MsoNormal\"><span>A partir del primero de enero del a\u00f1o en curso la EMMAI-CP-EP brinda a los cantones mancomunados un servicio de disposici\u00f3n final de los residuos, en una primera etapa se realiz\u00f3 la disposici\u00f3n en el relleno sanitario ubicado en el sector de Cancay, parroquia Luis Cordero del Cant\u00f3n Gualaceo, esta soluci\u00f3n de arranque planteo una mejora para la disposici\u00f3n final ya que cuatro socios de la empresa realizaban la disposici\u00f3n final en el relleno sanitario de Pichacay operado por la Empresa Municipal de Aseo de la ciudad de Cuenca, lo cual originaba fuertes egresos en lo relacionado al cap\u00edtulo de transporte sumado al desgate propio de los equipos.<\/span><\/p>\n<p class=\"MsoNormal\"><span>\u00a0<\/span><\/p>\n<p class=\"MsoNormal\"><span>Hay que mencionar que la apertura que brindo el cant\u00f3n Gualaceo a la operaci\u00f3n del relleno sanitario provisional signific\u00f3 tambi\u00e9n la oportunidad de contar con recursos econ\u00f3micos para la operaci\u00f3n del relleno el cual ha iniciado paralelamente la fase de cierre.<\/span><\/p>\n<p class=\"MsoNormal\"><span>\u00a0<\/span><\/p>\n<p class=\"MsoNormal\"><span>El relleno sanitario de Cancay cuenta con sistema de drenajes de lixiviados, sistema de infiltraci\u00f3n para su tratamiento as\u00ed como sistema de almacenamiento para los lodos. Por otra parte, cuenta con ductos para la eliminaci\u00f3n de gases, recubrimiento del fondo y paredes con geomembrana para evitar infiltraciones de l\u00edquidos.<\/span><\/p>\n<p class=\"MsoNormal\"><span>\u00a0<\/span><\/p>\n<p class=\"MsoNormal\"><span>Desde el mes de enero de 2010 se cont\u00f3 con un t\u00e9cnico de la EMMAI-CP-EP que se encarg\u00f3 del trabajo diario en el relleno sanitario, llevando el control de ingreso, disposici\u00f3n final y cobertura final. Se da la circunstancia que este material de pr\u00e9stamo en su mayor\u00eda proviene de zonas aleda\u00f1as. El quipo que diariamente opera en el relleno sanitario es una retroexcavadora y se alquilan peri\u00f3dicamente volquetes para transportar el material de cobertura.<\/span><\/p>\n<p class=\"MsoNormal\"><span>\u00a0<\/span><\/p>\n<p class=\"MsoNormal\"><span>\u00a0<\/span><\/p>\n<p class=\"MsoNormal\"><span>\u00a0<\/span><\/p>\n<p class=\"MsoNormal\"><span>\u00a0<\/span><\/p>\n<p class=\"MsoNormal\"><span>\u00a0<\/span><\/p>\n<p class=\"MsoNormal\"><span>\u00a0<\/span><\/p>\n<p class=\"MsoNormal\"><span>\u00a0<\/span><\/p>\n<p class=\"MsoNormal\"><span>\u00a0<\/span><\/p>\n<p class=\"MsoNormal\"><span>\u00a0<\/span><\/p>\n<p class=\"MsoNormal\"><span>\u00a0<\/span><\/p>\n<p class=\"MsoNormal\"><span>\u00a0<\/span><\/p>\n<p class=\"MsoNormal\"><span>\u00a0<\/span><\/p>\n<p class=\"MsoNormal\"><span>\u00a0<\/span><\/p>\n<p class=\"MsoNormal\"><span>\u00a0<\/span><\/p>\n<p align=\"center\" class=\"MsoNormal\"><span>\u00a0<\/span><\/p>\n<p align=\"center\" class=\"MsoNormal\"><span>Foto 1. Relleno sanitario de Cancay.<\/span><\/p>\n<p> <span><br clear=\"all\" \/><\/span> <\/p>\n<p align=\"center\" class=\"MsoNormal\"><span>\u00a0<\/span><\/p>\n<p class=\"MsoNormal\"><span>Situaciones alejadas del campo t\u00e9cnico y que m\u00e1s bien obedecieron a intereses particulares y pol\u00edticos determinaron que en el mes de enero de a\u00f1o 2011 los moradores de la parroquia Luis Cordero pidieran a la EMMAI-CP-EP, la clausura del relleno sanitario con la inmediata suspensi\u00f3n de la disposici\u00f3n final de los residuos s\u00f3lidos.<\/span><\/p>\n<p class=\"MsoNormal\"><span>\u00a0<\/span><\/p>\n<p class=\"MsoNormal\"><span>La situaci\u00f3n antes descrita marc\u00f3 el hecho de buscar una alternativa que no significar\u00e9 la apertura de un nuevo punto de vertido ya esto habr\u00eda determinado la inversi\u00f3n en estructuras para la disposici\u00f3n final de los residuos y por ello los esfuerzos para el manejo y posterior cierre t\u00e9cnico del \u00e1rea seleccionada.<\/span><\/p>\n<p class=\"MsoNormal\"><span>\u00a0<\/span><\/p>\n<p class=\"MsoNormal\"><span>La empresa de aseo de la ciudad de Cuenca fue analizada como una alternativa para disposici\u00f3n final, pero los di\u00e1logos se truncaron en funci\u00f3n de que el convenio que mantiene con la Junta Parroquial de Santa Ana en donde se ubica el relleno sanitario de Pichacay, niega t\u00e1citamente la recepci\u00f3n de residuos de otras localidades que no pertenezcan a la jurisdicci\u00f3n de la empresa de aseo de Cuenca.<\/span><\/p>\n<p class=\"MsoNormal\"><span>\u00a0<\/span><\/p>\n<p class=\"MsoNormal\"><span>Entonces se analiz\u00f3 un convenio de cooperaci\u00f3n con la Empresa Municipal de Aseo Integral de la Cuenca del Jubones EMMAICJ-EP la cual posee un relleno sanitario con licenciamiento ambiental en el sector de Huascachaca en el Cant\u00f3n Santa Isabel, sin duda esto marcaba el incremento de costos de transporte pero de ninguna manera se compara con los costos ambientales que hubiese marcado la apertura de un nuevo punto de vertido que incluye compara de terrenos, dise\u00f1os, obras civiles para la construcci\u00f3n e inversiones para la operaci\u00f3n y el cierre t\u00e9cnico.<\/span><\/p>\n<p class=\"MsoNormal\"><span>\u00a0<\/span><\/p>\n<p class=\"MsoNormal\"><span>La apertura brindada por parte de la EMMAICJ-EP, posibilit\u00f3 la disposici\u00f3n final de los residuos entre los meses de enero y marzo, ya que desde el primero de abril se firm\u00f3 un nuevo convenio de cooperaci\u00f3n con la Empresa Municipal Mancomunada del Pueblo Ca\u00f1ari EMMAIPC-EP para realizar la disposici\u00f3n final de los residuos en el relleno sanitario de Bibli\u00e1n en un acuerdo que permite acelerar el cierre t\u00e9cnico del relleno sanitario con una disposici\u00f3n de un mayor volumen diarios de residuos beneficiando a la EMMAIPC-EP quien adem\u00e1s de los residuos recibe una compensaci\u00f3n econ\u00f3mica que le permitir\u00e1 invertir en las obras civiles de cierre t\u00e9cnico del relleno sanitario, por su parte la EMMAICP-EP se beneficia en la reducci\u00f3n de las distancias parta el transporte de residuos para su disposici\u00f3n final.<\/span><\/p>\n<p class=\"MsoNormal\"><span>\u00a0<\/span><\/p>\n<p class=\"MsoNormal\"><span>Desde el primero de abril se realiza la disposici\u00f3n de residuos en el relleno sanitario de Bibli\u00e1n y se mantendr\u00e1 esta disposici\u00f3n hasta la puesta en marcha del ecoparque de propiedad de la EMMAICP-EP.<\/span><\/p>\n<p><strong><span>5.2<span>\u00a0\u00a0\u00a0\u00a0 <\/span>Demanda<\/span><\/strong><\/p>\n<p><strong><span>5.2.1 Estudios Demogr\u00e1ficos<\/span><\/strong><\/p>\n<p class=\"MsoNormal\"><span>Para establecer el crecimiento poblacional en cada uno de los cantones se ha partido de los datos existentes entre los censos de poblaci\u00f3n y vivienda de los a\u00f1os 2001 y 2010 de los cuales se cuenta con datos finales respecto de la poblaci\u00f3n de cada uno de los cantones gracias a la publicaci\u00f3n de los primeros resultados del Censo Nacional del INEC 2011.<\/span><\/p>\n<p class=\"MsoNormal\"><span>\u00a0<\/span><\/p>\n<p class=\"MsoNormal\"><span>Se puede entonces obtener un comparativo de poblaci\u00f3n a lo largo del tiempo y establecer tasas de crecimiento con las cuales se realiza una proyecci\u00f3n de la poblaci\u00f3n para los pr\u00f3ximos diez a\u00f1os, periodo que se usar\u00e1 para el dimensionamiento de las estructuras de la primera etapa del ecoparque para esto en funci\u00f3n de considerar objetivamente que periodos de dise\u00f1o m\u00e1s grandes pueden conllevar a un sobredimensionamiento con el consiguiente incremento innecesario de previsiones financieras.<\/span><\/p>\n<p class=\"MsoNormal\"><span>\u00a0<\/span><\/p>\n<p class=\"MsoNormal\"><span>En la Tabla 1 se presenta el c\u00e1lculo poblacional por cantones para el periodo de dise\u00f1o, se toma en cuenta el a\u00f1o 2011 solo como punto de partida sin embargo en adelante todos los datos presentados para este a\u00f1o no ser\u00e1n considerados en la demanda de servicio ya que es periodo actual del proyecto.<\/span><\/p>\n<p class=\"MsoNormal\"><span>\u00a0<\/span><\/p>\n<p class=\"MsoNormal\"><span>\u00a0<\/span><span>\u00a0<\/span><\/p>\n<p class=\"MsoNormal\"><span>\u00a0<\/span><\/p>\n<p align=\"center\" class=\"MsoNormal\"><span>Tabla 1. Crecimiento poblacional proyectado por cantones.<\/span><\/p>\n<p class=\"MsoNormal\"><span>\u00a0<\/span><\/p>\n<p><strong><span>5.2.2 Areas de cobertura<\/span><\/strong><\/p>\n<p class=\"MsoFootnoteText\"><span>\u00a0<\/span><\/p>\n<p class=\"MsoNormal\"><span>La creaci\u00f3n de la EMMI-CP-EP no est\u00e1 orientada solamente a brindar servicio a las zonas urbanas sino que el objetivo es llegar a todas las cabeceras parroquiales rurales, por otro lado es de se\u00f1alar que las zonas rurales en los cantones mancomunados son demasiado dispersas por lo que se considera brindar servicio al menos al cincuenta por ciento de la poblaci\u00f3n rural y al 80 por ciento de la poblaci\u00f3n urbana desde el primer a\u00f1o de operaci\u00f3n e incrementar estos porcentajes en un 0,5% anual lo que permitir\u00e1 indicadores de servicio acordes a la realidad operativa de la empresa.<\/span><\/p>\n<p> <span><br clear=\"all\" \/><\/span> <\/p>\n<p class=\"MsoNormal\"><span>\u00a0<\/span><\/p>\n<p><strong><span>5.2.3 <\/span><span>Cantidad de desechos<\/span><\/strong><\/p>\n<p class=\"MsoNormal\"><span>\u00a0<\/span><\/p>\n<p class=\"MsoBodyText\"><span>Para determinar la cantidad total de desecho que diariamente se producen en la zona de estudio se ha realizado la siguiente clasificaci\u00f3n de grupos de productores determinando para cada uno de ellos factores de producci\u00f3n que a continuaci\u00f3n ser\u00e1n tratados.<\/span><\/p>\n<p class=\"MsoNormal\"><span>\u00a0<\/span><\/p>\n<ol style=\"list-style-type: lower-alpha;\">\n<li><\/li>\n<\/ol>\n<p class=\"MsoNormal\"><span>\u00a0<\/span><\/p>\n<p class=\"MsoNormal\"><span><span>\u00a0\u00a0\u00a0\u00a0\u00a0\u00a0\u00a0 <\/span>La EMMAI-CP-EP, ha realizado un estudio de caracterizaci\u00f3n de residuos domiciliarios en cada uno de los cantones integrantes de la empresa de acuerdo a la metodolog\u00eda recomendad para el efecto por la CEPIS, con lo cual se ha logrado determinar entre otros par\u00e1metros la producci\u00f3n per c\u00e1pita de residuos por persona en su hogar.<\/span><\/p>\n<p class=\"MsoNormal\"><span><span>\u00a0\u00a0\u00a0\u00a0\u00a0\u00a0\u00a0 <\/span>Es de se\u00f1alar que cada individuo produce residuos a lo largo de un d\u00eda en diferentes sitios diferentes a su residencia tales como oficinas, escuelas, mercados, restaurantes, calles, centros de salud entre otros por lo cual el factor de producci\u00f3n per c\u00e1pita en domicilio v\u00e1lidos para c\u00e1lculo de recipientes de almacenamiento temporal, y predise\u00f1o de flotas de camiones as\u00ed como vol\u00famenes de producci\u00f3n diaria debe ser luego mayorado por la influencia de los factores de producci\u00f3n para determinar un factor total de producci\u00f3n per c\u00e1pita el cual ha sido definido por la bibliograf\u00eda de la Fundaci\u00f3n IPADE como un factor de producci\u00f3n per c\u00e1pita urbano que es la producci\u00f3n total diaria de residuos por habitante en un centro poblado.<\/span><\/p>\n<p class=\"MsoNormal\"><span>\u00a0<\/span><\/p>\n<p class=\"MsoNormal\"><span><span>\u00a0\u00a0\u00a0\u00a0\u00a0\u00a0\u00a0 <\/span>A continuaci\u00f3n se presenta una tabla de resumen de producci\u00f3n per c\u00e1pita domiciliaria diaria por cantones proyectado al mes de marzo de 2012 en base de la caracterizaci\u00f3n realizada en el mes de mayo de 2010 <\/span><\/p>\n<p class=\"MsoNormal\"><span>\u00a0<\/span><\/p>\n<p class=\"MsoNormal\"><span>\u00a0<\/span><\/p>\n<p align=\"center\" class=\"MsoNormal\"><span>Tabla 2. Generaci\u00f3n domiciliaria per c\u00e1pita por cantones.<\/span><\/p>\n<p class=\"MsoNormal\"><span>\u00a0<\/span><\/p>\n<ol style=\"list-style-type: lower-alpha;\">\n<li><\/li>\n<\/ol>\n<p class=\"MsoNormal\"><span>\u00a0<\/span><\/p>\n<p class=\"MsoNormal\"><span><span>\u00a0\u00a0\u00a0\u00a0\u00a0\u00a0\u00a0 <\/span>La cantidad total diaria de basura generada en mercados, establecimientos para alojar turistas, comercios, locales educativos y otros ha sido determinada con trabajos de campo mediante el cual se ha comparado la producci\u00f3n estimada de una zona servida con la producci\u00f3n real de residuos producidos, debiendo entender que la variaci\u00f3n ha sido fruto de haberse recogido tambi\u00e9n residuos de los locales antes descritos, la variaci\u00f3n ha determinado el incremento en un porcentaje de un 40% respecto de la producci\u00f3n domiciliaria, los valores por cant\u00f3n se presentan en la Tabla 3.<\/span><\/p>\n<p class=\"MsoNormal\"><span>\u00a0<\/span><\/p>\n<p class=\"MsoNormal\"><span>\u00a0<\/span><span>\u00a0<\/span><\/p>\n<p class=\"MsoNormal\"><span>\u00a0<\/span><\/p>\n<p align=\"center\" class=\"MsoNormal\"><span>Tabla 3. Generaci\u00f3n extra domiciliaria per c\u00e1pita diaria por cantones.<\/span><\/p>\n<p class=\"MsoNormal\"><span>\u00a0<\/span><\/p>\n<p class=\"MsoNormal\"><span>\u00a0<\/span><\/p>\n<p class=\"MsoNormal\"><span><span>\u00a0\u00a0\u00a0\u00a0\u00a0\u00a0\u00a0 <\/span><\/span><\/p>\n<ol style=\"list-style-type: lower-alpha;\">\n<li><\/li>\n<\/ol>\n<p class=\"MsoNormal\"><span>\u00a0<\/span><\/p>\n<p class=\"MsoNormal\"><span>\u00a0<\/span><span>\u00a0<\/span><\/p>\n<p class=\"MsoNormal\"><span>\u00a0<\/span><\/p>\n<p align=\"center\" class=\"MsoNormal\"><span>Tabla 4. Generaci\u00f3n por barrido per c\u00e1pita diaria por cantones.<\/span><\/p>\n<p class=\"MsoNormal\"><span>\u00a0<\/span><\/p>\n<p class=\"MsoNormal\"><span>\u00a0<\/span><\/p>\n<ol style=\"list-style-type: lower-alpha;\">\n<li><\/li>\n<\/ol>\n<p class=\"MsoNormal\"><span>\u00a0<\/span><\/p>\n<p class=\"MsoNormal\"><span>\u00a0<\/span><span>\u00a0<\/span><\/p>\n<p class=\"MsoNormal\"><span>\u00a0<\/span><\/p>\n<p align=\"center\" class=\"MsoNormal\"><span>Tabla 5. Generaci\u00f3n urbana per c\u00e1pita diaria por cantones.<\/span><\/p>\n<p> <span><br clear=\"all\" \/><\/span> <\/p>\n<p class=\"MsoNormal\"><span>Otro resultado importante del trabajo de caracterizaci\u00f3n ha sido lograr determinar la densidad de los residuos producidos, para lo cual se aplic\u00f3 la metodolog\u00eda recomendada por la CEPIS para las densidades de almacenamiento y transporte mientras que en lo relacionado a empacado es el fruto del an\u00e1lisis realizado por la fundaci\u00f3n IPADE en plantas actualmente en operaci\u00f3n.<\/span><\/p>\n<p class=\"MsoNormal\"><span>\u00a0<\/span><\/p>\n<div align=\"center\">\n<table cellpadding=\"0\" cellspacing=\"0\" border=\"1\" class=\"MsoNormalTable\">\n<tbody>\n<tr>\n<td width=\"128\" valign=\"top\">\n<p class=\"MsoBodyText2\"><b><span>LUGAR<\/span><\/b><b><span>\u00a0<\/span><\/b><\/p>\n<\/td>\n<td width=\"151\" valign=\"top\">\n<p class=\"MsoBodyText2\"><b><span>DENSIDAD (Kg.\/m3)<\/span><\/b><b><span>\u00a0<\/span><\/b><\/p>\n<\/td>\n<\/tr>\n<tr>\n<td width=\"128\" valign=\"top\">\n<p class=\"MsoBodyText2\"><span>Domicilio<\/span><span>\u00a0<\/span><\/p>\n<\/td>\n<td width=\"151\" valign=\"top\">\n<p class=\"MsoBodyText2\"><span>232<\/span><span>\u00a0<\/span><\/p>\n<\/td>\n<\/tr>\n<tr>\n<td width=\"128\" valign=\"top\">\n<p class=\"MsoBodyText2\"><span>Mercados<\/span><span>\u00a0<\/span><\/p>\n<\/td>\n<td width=\"151\" valign=\"top\">\n<p class=\"MsoBodyText2\"><span>360<\/span><span>\u00a0<\/span><\/p>\n<\/td>\n<\/tr>\n<tr>\n<td width=\"128\" valign=\"top\">\n<p class=\"MsoBodyText2\"><span>Cami\u00f3n<\/span><span>\u00a0<\/span><\/p>\n<\/td>\n<td width=\"151\" valign=\"top\">\n<p class=\"MsoBodyText2\"><span>500<\/span><span>\u00a0<\/span><\/p>\n<\/td>\n<\/tr>\n<tr>\n<td width=\"128\" valign=\"top\">\n<p class=\"MsoBodyText2\"><span>Empacado para disposici\u00f3n en relleno<\/span><span>\u00a0<\/span><\/p>\n<\/td>\n<td width=\"151\" valign=\"top\">\n<p class=\"MsoBodyText2\"><span>900<\/span><span>\u00a0<\/span><\/p>\n<\/td>\n<\/tr>\n<\/tbody>\n<\/table><\/div>\n<p class=\"MsoNormal\"><span>\u00a0<\/span><\/p>\n<p align=\"center\" class=\"MsoNormal\"><span>Tabla 6. Densidades estimadas en las diferentes etapas de gesti\u00f3n del residuo.<\/span><\/p>\n<p class=\"MsoNormal\"><span>\u00a0<\/span><\/p>\n<p><strong><span>5.2.4 <\/span><span>Calidad de los desechos<\/span><\/strong><\/p>\n<p class=\"MsoNormal\"><span>\u00a0<\/span><\/p>\n<p class=\"MsoNormal\"><span>Del an\u00e1lisis de subproductos contenidos en los desechos s\u00f3lidos generados en todo el sistema, de acuerdo a lo indicado en las normas de la CEPIS se logr\u00f3 determinar la composici\u00f3n f\u00edsica de los residuos por cantones para obtener porcentajes de los componentes los cuales nos ser\u00e1n \u00fatiles a la hora de determinar los procesos que ser\u00e1n aplicados para la gesti\u00f3n de los diferentes componentes, en la Tabla 7 se presenta el resumen por cantones.<\/span><\/p>\n<p class=\"MsoNormal\"><span>\u00a0<\/span><\/p>\n<p class=\"MsoNormal\"><span>\u00a0<\/span><span>\u00a0<\/span><\/p>\n<p class=\"MsoNormal\"><span>\u00a0<\/span><\/p>\n<p align=\"center\" class=\"MsoNormal\"><span>Tabla 7. Composici\u00f3n f\u00edsica de los residuos por cantones<\/span><\/p>\n<p class=\"MsoNormal\"><span>\u00a0<\/span><\/p>\n<p class=\"MsoFootnoteText\"><span>\u00a0<\/span><\/p>\n<p class=\"MsoFootnoteText\"><span>\u00a0<\/span><\/p>\n<p class=\"MsoFootnoteText\"><span>\u00a0<\/span><\/p>\n<p class=\"MsoFootnoteText\"><span>\u00a0<\/span><\/p>\n<p> <span><br clear=\"all\" \/><\/span> <\/p>\n<p class=\"MsoFootnoteText\"><span>\u00a0<\/span><\/p>\n<p><strong><span>5.3<span>\u00a0\u00a0\u00a0\u00a0 <\/span><span>\u00a0\u00a0\u00a0\u00a0\u00a0\u00a0\u00a0\u00a0 <\/span><\/span><span>DEMANDA PROYECTADA<\/span><\/strong><\/p>\n<p><strong><span>\u00a0<\/span><\/strong><\/p>\n<p><strong><span>\u00a0<\/span><\/strong><\/p>\n<p><strong><span>\u00a0<\/span><\/strong><\/p>\n<p><strong><span>\u00a0<\/span><\/strong><\/p>\n<p><strong><span>\u00a0<\/span><\/strong><\/p>\n<p><strong><span>\u00a0<\/span><\/strong><\/p>\n<p><strong><span>Tabla 8<\/span><span>.<\/span><span> (AQU\u00cd VA LA IMPRESI\u00d3N DE LA HOJA DE EXEL CALCULOS EMMAI-CP)<\/span><span><\/span><\/strong><\/p>\n<p> <b><span><br clear=\"all\" \/><\/span><\/b> <\/p>\n<p><strong><span>\u00a0<\/span><\/strong><\/p>\n<p class=\"MsoNormal\"><span>\u00a0<\/span><\/p>\n<p class=\"MsoNormal\"><span>En la Tabla 8 Se presenta la \u201cProyecci\u00f3n de la demanda de vol\u00famenes de desechos s\u00f3lidos y material de cobertura para el Relleno Sanitario de la EMMAI-CP-EP. Los c\u00e1lculos realizados en cada columna hasta llegar a la determinaci\u00f3n de los vol\u00famenes necesarios de relleno se presentan a continuaci\u00f3n:<\/span><\/p>\n<p class=\"MsoNormal\"><span>\u00a0<\/span><\/p>\n<p class=\"MsoNormal\"><b><span>Columna I: A\u00f1o:<\/span><\/b><span> A\u00f1o durante la vida \u00fatil del proyecto, se considera un horizonte de dise\u00f1o hasta el a\u00f1o 2021. Para el Relleno Sanitario se ha establecido un per\u00edodo de vida \u00fatil de 10 a\u00f1os contabilizado a partir del a\u00f1o 2012. <\/span><\/p>\n<p class=\"MsoNormal\"><span>\u00a0<\/span><\/p>\n<p class=\"MsoBodyTextFirstIndent\"><b><span>Columna II: Poblaci\u00f3n Total en el \u00e1rea de servicio (hab.)<\/span><\/b><span>: Es la sumatoria de poblaciones cantonales proyectadas. La proyecci\u00f3n de poblaci\u00f3n para los cantones, se ha realizado en base de la tasa de crecimiento poblacional del INEC determinado con los resultados censales de los a\u00f1os 2001 y 2010, tomando como partida el a\u00f1o 2011, como informaci\u00f3n complementaria para los c\u00e1lculos se presenta la informaci\u00f3n de poblaci\u00f3n individual de cada cant\u00f3n<b><i>.<\/i><\/b> <\/span><\/p>\n<p class=\"MsoNormal\"><span>\u00a0<\/span><\/p>\n<p class=\"MsoNormal\"><b><span>Columna IIA: Poblaci\u00f3n Total en el \u00e1rea urbana (hab.)<\/span><\/b><span>: De acuerdo a los datos de los censos de poblaci\u00f3n y vivienda realizado por el INEC en los a\u00f1os 2001 y 2010 se logra determinar como promedio de la zona nor oriental del Azuay que el 39 por ciento de la poblaci\u00f3n cantonal se concentra en las zonas urbanas, esta ponderaci\u00f3n se refleja en la columna de c\u00e1lculo.<\/span><\/p>\n<p class=\"MsoNormal\"><span>\u00a0<\/span><\/p>\n<p class=\"MsoNormal\"><b><span>Columna IIB: Poblaci\u00f3n Total en el \u00e1rea rural (hab.)<\/span><\/b><span>: De acuerdo a los datos de los censos de poblaci\u00f3n y vivienda realizado por el INEC en los a\u00f1os 2001 y 2010 se logra determinar como promedio de la zona nor oriental del Azuay que el 61 por ciento de la poblaci\u00f3n cantonal se concentra en las zonas rurales, esta ponderaci\u00f3n se refleja en la columna de c\u00e1lculo.<\/span><\/p>\n<p class=\"MsoNormal\"><span>\u00a0<\/span><\/p>\n<p class=\"MsoNormal\"><b><span>Columna IIIA: Cobertura del servicio urbano (%)<\/span><\/b><span>:La cobertura toma en cuenta un promedio entre las zonas urbanas que son las de menor poblaci\u00f3n cantonal. La cobertura de recolecci\u00f3n toma en cuenta un incremento en la misma de aproximadamente un 0,5 por ciento en los diez a\u00f1os de dise\u00f1o, se parte de una cobertura del 80%.<\/span><\/p>\n<p class=\"MsoNormal\"><span>\u00a0<\/span><\/p>\n<p class=\"MsoNormal\"><b><span>Columna IIIB: Cobertura del servicio rural (%)<\/span><\/b><span>: La cobertura toma en cuenta un promedio entre las zonas rurales que son las de mayor poblaci\u00f3n cantonal. La cobertura de recolecci\u00f3n toma en cuenta un incremento en la misma de aproximadamente un 0,5 por ciento en los diez a\u00f1os de dise\u00f1o, se pate de una cobertura del 50%.<\/span><\/p>\n<p class=\"MsoNormal\"><span>\u00a0<\/span><\/p>\n<p class=\"MsoNormal\"><b><span>Columna IV: Poblaci\u00f3n servida (%)<\/span><\/b><span>: Poblaci\u00f3n total a servirse dentro de los cantones, calculada multiplicando la poblaci\u00f3n individual de cada cant\u00f3n por sus respectivas coberturas de servicio tanto para la zona urbana como rural.<\/span><\/p>\n<p class=\"MsoNormal\"><span>\u00a0<\/span><\/p>\n<p class=\"MsoNormal\"><b><span>Columna VA: Desechos inorg\u00e1nicos domiciliarios generados (Ton\/d\u00eda<\/span><\/b><span>): Total diario de desechos domiciliarios generados en la zona servida y obtenido multiplicando la poblaci\u00f3n servida por su respectiva generaci\u00f3n per c\u00e1pita en Kg\/hab.\/d\u00eda valores que son mayorados a lo largo de la vida del proyecto (estos datos han sido obtenidos por la EMMAI-CP-EP en un estudio de caracterizaci\u00f3n realizado en el a\u00f1o 2010 y que han sido mayorados para tomar en cuenta la producci\u00f3n en mercados, colegios y centro de concentraci\u00f3n de personas).<\/span><\/p>\n<p class=\"MsoNormal\"><span>\u00a0<\/span><\/p>\n<p class=\"MsoNormal\"><b><span>Columna VB: Desechos inorg\u00e1nicos domiciliarios generados (Ton\/d\u00eda<\/span><\/b><span>): Total diario de desechos domiciliarios generados en la zona servida y obtenido multiplicando la poblaci\u00f3n servida por su respectiva generaci\u00f3n per c\u00e1pita en Kg\/hab.\/d\u00eda valores que son mayorados a lo largo de la vida del proyecto (estos datos han sido obtenidos por la EMMAI-CP-EP en un estudio de caracterizaci\u00f3n realizado en el a\u00f1o 2010 y que han sido mayorados para tomar en cuenta la producci\u00f3n en mercados, colegios y centro de concentraci\u00f3n de personas).<\/span><\/p>\n<p class=\"MsoNormal\"><span>\u00a0<\/span><\/p>\n<p class=\"MsoNormal\"><b><span>Columna VC: Porcentaje de materia inorg\u00e1nica no recuperada (%<\/span><\/b><span>):Considera los porcentajes de residuos no recuperados partiendo de que en el a\u00f1o 2012 se arrancar\u00e1 con la clasificaci\u00f3n domiciliaria y por ende se mejoraran los porcentajes de material recuperado dentro de la fracci\u00f3n. <\/span><\/p>\n<p class=\"MsoNormal\"><span>\u00a0<\/span><\/p>\n<p class=\"MsoNormal\"><b><span>Columna VD: Porcentaje de materia org\u00e1nica no recuperada (%<\/span><\/b><span>):Considera los porcentajes de residuos no recuperados partiendo de que en el a\u00f1o 2012 se arrancar\u00e1 con la clasificaci\u00f3n domiciliaria y por ende se mejoraran los porcentajes de material recuperado dentro de la fracci\u00f3n.<\/span><\/p>\n<p class=\"MsoNormal\"><span>\u00a0<\/span><\/p>\n<p class=\"MsoNormal\"><b><span>Columna VI: Peso de desechos a ser recolectados para disposici\u00f3n final (Ton\/d\u00eda<\/span><\/b><span>): El peso de los desechos viene dado por el porcentaje de materia org\u00e1nica e inorg\u00e1nica no recuperada y que disminuir\u00e1 a lo largo del tiempo en funci\u00f3n de las campa\u00f1as de sensibilizaci\u00f3n que realice la empresa.<\/span><\/p>\n<p class=\"MsoNormal\"><span>\u00a0<\/span><\/p>\n<p class=\"MsoNormal\"><span>Para la materia org\u00e1nica se estima que para el primer a\u00f1o el porcentaje de materia org\u00e1nica no recuperada ronde el noventa por ciento y disminuya al veinte y dos por ciento al cabo de diez a\u00f1os, para la materia inorg\u00e1nica se produce algo similar calcul\u00e1ndose que para el primer a\u00f1o el porcentaje de rechazo de inorg\u00e1nicos ser\u00e1 del ochenta y cinco por ciento pudiendo disminuir al doce en los pr\u00f3ximos diez a\u00f1os. <\/span><\/p>\n<p class=\"MsoNormal\"><span>\u00a0<\/span><\/p>\n<p class=\"MsoNormal\"><b><span>Columna VII: Promedio diario de s\u00f3lidos a ser dispuestos (m<sup>3<\/sup>):<\/span><\/b><span> Volumen diario de s\u00f3lidos a ser dispuestos y obtenido dividiendo el peso promedio de desechos a ser dispuestos dividido para la densidad en el relleno que se estima que podr\u00eda ser de 900 Kg\/m<sup>3,<\/sup>. Aplicando la t\u00e9cnica de empacado en seco.<\/span><\/p>\n<p class=\"MsoNormal\"><span>\u00a0<\/span><\/p>\n<p class=\"MsoNormal\"><b><span>Columna VIII: Volumen anual de desechos s\u00f3lidos (m<sup>3<\/sup><\/span><\/b><span>): Volumen anual de desechos s\u00f3lidos a ser dispuestos obtenido multiplicando el promedio diario por 365 d\u00edas del a\u00f1o.<\/span><\/p>\n<p class=\"MsoNormal\"><span>\u00a0<\/span><\/p>\n<p class=\"MsoNormal\"><b><span>Columna IX: Volumen anual acumulado considerando el abultamiento (m<sup>3<\/sup>):<\/span><\/b><span> Volumen anual acumulado de desechos s\u00f3lidos a ser dispuestos en m<b><sup>3<\/sup>, <\/b>considerando un abultamiento debido a factores como el acomodo de pacas, se considera un valor del 5% en el volumen.<\/span><\/p>\n<p class=\"MsoNormal\"><b><span>\u00a0<\/span><\/b><\/p>\n<p class=\"MsoNormal\"><b><span>Columna X: Volumen acumulado(m<sup>3<\/sup>):<\/span><\/b><span> Volumen total acumulado anual de requerido para la disposici\u00f3n de los residuos.<\/span><\/p>\n<p class=\"MsoNormal\"><span>\u00a0<\/span><\/p>\n<p class=\"MsoNormal\"><b><span>Columna XI: Volumen anual de material de cobertura(m<sup>3<\/sup>):<\/span><\/b><span> Si bien esta t\u00e9cnica de trabajo no requiere de cobertura con material anual peor diariamente se considera de manera anual un porcentaje del 3% del volumen dispuesto de manera que se tenga en cuenta un valor de cobertura para el cierre del relleno a fin de dimensionar correctamente su vida \u00fatil.<\/span><\/p>\n<p class=\"MsoNormal\"><span>\u00a0<\/span><\/p>\n<p class=\"MsoNormal\"><b><span>Columna XII: Volumen acumulado(m<sup>3<\/sup>):<\/span><\/b><span> Volumen total acumulado anual de requerido para la disposici\u00f3n de los residuos, tomando en cuenta el volumen para la cobertura al momento de cerrarlo.<\/span><\/p>\n<p class=\"MsoNormal\"><span>\u00a0<\/span><\/p>\n<p class=\"MsoNormal\"><b><span>Columna XIII: Volumen total requerido en el relleno sanitario (m<sup>3<\/sup>\/a\u00f1o):<\/span><\/b><span> Volumen total requerido en el relleno sanitario.<\/span><\/p>\n<p class=\"MsoNormal\"><span>\u00a0<\/span><\/p>\n<p class=\"MsoNormal\"><b><span>Columna XIV: Volumen total acumulado requerido en el relleno sanitario (m3\/acumulado):<\/span><\/b><span> Volumen total acumulado requerido en el relleno sanitario.<\/span><\/p>\n<p> <span><br clear=\"all\" \/><\/span> <\/p>\n<p class=\"MsoNormal\"><span>\u00a0<\/span><\/p>\n<p><strong><span>5.4<span>\u00a0\u00a0\u00a0\u00a0 <\/span>D\u00e9ficit y dimensionamiento<\/span><\/strong><\/p>\n<p class=\"MsoNormal\"><span>\u00a0<\/span><\/p>\n<p class=\"MsoNormal\"><b><span>5.4.1 D\u00e9ficit del proyecto<\/span><\/b><\/p>\n<p class=\"MsoNormal\"><span>\u00a0<\/span><\/p>\n<p class=\"MsoNormal\"><span>Al considerarse la construcci\u00f3n de un centro de gesti\u00f3n el cual tiene como uno de sus componentes el relleno sanitario el d\u00e9ficit total del proyecto es el calculado en el numeral anterior.<\/span><\/p>\n<p class=\"MsoNormal\"><span>\u00a0<\/span><\/p>\n<p class=\"MsoNormal\"><b><span>5.4.2 Dimensionamiento del proyecto<\/span><\/b><\/p>\n<p class=\"MsoNormal\"><span>\u00a0<\/span><\/p>\n<p class=\"MsoFootnoteText\"><span>El Centro de gesti\u00f3n desde la concepci\u00f3n de manejo integral concebido por la Fundaci\u00f3n IPADE en cada uno de sus proyectos tendr\u00e1 componentes destinados tanto al reciclaje de org\u00e1nicos, inorg\u00e1nicos y la disposici\u00f3n final de residuos, en general el centro de gesti\u00f3n deber\u00e1 cumplir con una vida \u00fatil para un periodo de dise\u00f1o de veinte a\u00f1os y podr\u00e1 ser construido y equipado por etapas de acuerdo al crecimiento de la producci\u00f3n de residuos.<\/span><\/p>\n<p class=\"MsoFootnoteText\"><span>\u00a0<\/span><\/p>\n<p class=\"MsoFootnoteText\"><span>La ubicaci\u00f3n geogr\u00e1fica determinada mediante un an\u00e1lisis multi criterios permite la incorporaci\u00f3n de zonas urbanas y rurales de los cantones miembros de la empresa mancomunada sin embargo la incorporaci\u00f3n de nuevos cantones de la regi\u00f3n concretamente Sevilla de Oro y Paute plantear\u00edan la necesidad de analizar la pertinencia de construir un nuevo centro de clasificaci\u00f3n o inclusive un nuevo centro de gesti\u00f3n esto debido al desplazamiento del centroide geogr\u00e1fico establecido en base a la producci\u00f3n de residuos consecuencia de la poblaci\u00f3n de cada uno de los cantones socios de la EMMAI-CP-EP.<\/span><\/p>\n<p class=\"MsoFootnoteText\"><span>\u00a0<\/span><\/p>\n<p class=\"MsoNormal\"><span>Los equipos y maquinarias a ser requeridas en el centro de gesti\u00f3n deben adaptarse tanto a la realidad financiera de la empresa como al medio f\u00edsico del terreno y a la tecnolog\u00eda nacional disponible.<\/span><\/p>\n<p><strong><span>\u00a0<\/span><\/strong><\/p>\n<ol>\n<li><strong><span>6ESTUDIOS DE INGENIER\u00cdA B\u00c1SICA<\/span><\/strong><\/li>\n<\/ol>\n<p class=\"MsoNormal\"><span>\u00a0<\/span><\/p>\n<p class=\"MsoNormal\"><span>En este apartado trataremos los estudios de ingenier\u00eda b\u00e1sica que permitieron la selecci\u00f3n del terreno ubicado en la<\/span><span>, parroquia Zidmad, Cant\u00f3n Gualaceo, alrededor de las coordenadas 734.150 este y 9.678.050 norte sobre un \u00e1rea de 5.8 hect\u00e1reas en el sector de Burazhun.<\/span><span><\/span><\/p>\n<p class=\"MsoNormal\"><span>\u00a0<\/span><\/p>\n<p class=\"MsoNormal\"><span>Existe informaci\u00f3n importante desarrollada en los diferentes cantones socios de la EMMAI-CP-EP que sirve como material bibliogr\u00e1fico de base en el dise\u00f1o del centro de gesti\u00f3n, entre los m\u00e1s importantes debemos se\u00f1alar:<\/span><\/p>\n<p> <span><br clear=\"all\" \/><\/span> <\/p>\n<p class=\"MsoNormal\"><span>\u00a0<\/span><\/p>\n<ul>\n<li><span><\/span><span>Estudio de caracterizaci\u00f3n de residuos domiciliarios, Fundaci\u00f3n IPADE mayo 2010.<\/span><\/li>\n<li><span><\/span><span>Diagn\u00f3stico del servicio de residuos s\u00f3lidos domiciliarios, Fundaci\u00f3n IPADE julio 2010.<\/span><\/li>\n<li><span><\/span><span>Evaluaci\u00f3n Financiera del servicio en los diferentes Cantones, Fundaci\u00f3n IPADE noviembre 2010.<\/span><\/li>\n<li><span><\/span><span>Documento Final de formulaci\u00f3n del Convenio <\/span><span>\u201c<\/span><span>Mejora de la gesti\u00f3n integral de residuos mediante la creaci\u00f3n de empresas modelo mancomunadas y la formaci\u00f3n de t\u00e9cnicos especializados municipales. Ecuador\u201d<\/span><span>, Fundaci\u00f3n IPADE, septiembre 2010.<\/span><span><\/span><\/li>\n<li><span><\/span><span>Documento final PAC II y PAC III del convenio \u201c<\/span><span>Mejora de la gesti\u00f3n integral de residuos mediante la creaci\u00f3n de empresas modelo mancomunadas y la formaci\u00f3n de t\u00e9cnicos especializados municipales. Ecuador\u201d<\/span><span>, Fundaci\u00f3n IPADE, Enero 2011Y Enero 2012.<\/span><span><\/span><\/li>\n<li><span><\/span><span>An\u00e1lisis Multi criterios para la ubicaci\u00f3n del centro de gesti\u00f3n Equipo t\u00e9cnico de la EMMAI-CP-EP y Fundaci\u00f3n IPADE mayo 2011.<\/span><span><\/span><\/li>\n<li><span><\/span><span>C\u00e1lculos para la renovaci\u00f3n de la flota de recolectores de la EMMAI-CP-EP, <\/span><span>gesti\u00f3n Equipo t\u00e9cnico de la EMMAI-CP-EP y Fundaci\u00f3n IPADE junio 2011.<\/span><span><\/span><\/li>\n<li><span><\/span><span>Dise\u00f1o del Centro de Gesti\u00f3n de Residuos S\u00f3lidos en el sector de Ziptag de la EMMAICP-EP, Ing. Fabi\u00e1n Lucero Bonilla Noviembre de 2011. <span>.norte sobre un \u00e1rea de 5.8coe 2011.MMAICP-EPa la construccinado en la LOSNCPs cel almacenamiento de los liviviados se ha previs<\/span><\/span><span><\/span><\/li>\n<\/ul>\n<p><strong><span>6.1<span>\u00a0\u00a0\u00a0\u00a0 <\/span>INFORMACI\u00d3N TOPOGR\u00c1FICA<\/span><\/strong><\/p>\n<p class=\"MsoFootnoteText\"><span>\u00a0<\/span><\/p>\n<p class=\"MsoNormal\"><span>La informaci\u00f3n cartogr\u00e1fica de la zona usada para el an\u00e1lisis multicriterio por parte del personal t\u00e9cnico de la EMMAI-CP-EP se encuentra a una escala 1: 10.000, ha servido en lo sustancial para determinar los mapas de pendientes y determinar aquellos terrenos cuyas pendientes no superan el 30% y calificarlos como aptos para la ubicaci\u00f3n del centro de gesti\u00f3n.<\/span><\/p>\n<p class=\"MsoNormal\"><span>\u00a0<\/span><\/p>\n<p class=\"MsoNormal\"><span>Para los dise\u00f1os de ingenier\u00eda necesaria se ha trabajado sobre la taquimetr\u00eda espec\u00edfica del terreno a escala 1:1.000 que ha sido levantada por el equipo t\u00e9cnico de la EMMAICP-EP.<\/span><\/p>\n<p class=\"MsoNormal\"><span>\u00a0<\/span><\/p>\n<p class=\"MsoNormal\"><b><span>6.2<span>\u00a0\u00a0 <\/span>INFORMACI\u00d3N GEOL\u00d3GICA Y GEOT\u00c9CNICA<\/span><\/b><\/p>\n<p class=\"MsoFootnoteText\"><span>\u00a0<\/span><\/p>\n<p class=\"MsoFootnoteText\"><span>La zona se encuentra ubicada en un terreno compuesto por suelos areno arcillosos sobre un estrato rocoso que sirve como base, la profundidad de la capa fre\u00e1tica supera los veinte y cinco metros de profundidad, estas caracter\u00edsticas validaron la selecci\u00f3n del terreno.<\/span><\/p>\n<p> <span><br clear=\"all\" \/><\/span><\/p>\n<ol>\n<li><b><span>7DISE\u00d1OS DEFINITIVOS<\/span><\/b><\/li>\n<\/ol>\n<p class=\"MsoFooter\"><span>\u00a0<\/span><\/p>\n<p><strong><span>7.1<span>\u00a0\u00a0\u00a0\u00a0\u00a0\u00a0\u00a0\u00a0\u00a0\u00a0\u00a0\u00a0\u00a0 <\/span>PROPIEDAD Y DERECHO DE USO<\/span><span><\/span><\/strong><\/p>\n<p class=\"MsoNormal\"><span>\u00a0<\/span><\/p>\n<p class=\"MsoNormal\"><span>La propiedad del terreno de Burazhun<\/span><span>, parroquia Zidmad, Cant\u00f3n Gualaceo, alrededor de las coordenadas 734.150 este y 9.678.050 norte sobre un \u00e1rea de 5.8 hect\u00e1reas, y el tr\u00e1mite de legalizaci\u00f3n de propiedad en favor de la empresa se encuentra en marcha por lo cual no es factible la intervenci\u00f3n en el mismos con las obras e infraestructuras necesarias para el equipamiento del centro de gesti\u00f3n mientras no se encuentre legalizada la propiedad.<\/span><\/p>\n<p class=\"MsoNormal\"><span>\u00a0<\/span><\/p>\n<p class=\"MsoNormal\"><span>La EMMAI-CP-EP, legalmente constituida y en plena operaci\u00f3n es la instituci\u00f3n operativa competente y responsable de la prestaci\u00f3n del servicio de gesti\u00f3n integral de residuos s\u00f3lidos en los cantones de Gualaceo, Chordeleg, Sigsisg, Guachapala y El Pan por lo cual es la calificada para dirigir, fiscalizar y operar el centro de gesti\u00f3n, cuenta adem\u00e1s con la partida presupuestaria y la disponibilidad de fondos para la ejecuci\u00f3n de obras civiles en el ejercicio fiscal 2012.<\/span><\/p>\n<p class=\"MsoNormal\"><span>\u00a0<\/span><\/p>\n<p class=\"MsoNormal\"><span>La Fundaci\u00f3n IPADE asesora t\u00e9cnica y financista del proyecto de construcci\u00f3n del centro de gesti\u00f3n de la EMMAI-CP-EP como parte de las actividades del convenio <\/span><span>10-CO1-059 \u201c<\/span><span>Mejora de la gesti\u00f3n integral de residuos mediante la creaci\u00f3n de empresas modelo mancomunadas y la formaci\u00f3n de t\u00e9cnicos especializados municipales. Ecuador\u201d, cuenta con la disponibilidad de recursos financieros para la ejecuci\u00f3n de obras.<\/span><\/p>\n<p class=\"MsoNormal\"><span>\u00a0<\/span><\/p>\n<p class=\"MsoNormal\"><span>Se encuentra en tr\u00e1mite la consecuci\u00f3n de la Licencia Ambiental del Proyecto ante el Ministerio del Ambiente Regional del Austro contando ya con la aprobaci\u00f3n de los t\u00e9rminos de referencia y con una autorizaci\u00f3n para la construcci\u00f3n de una celda emergente para la disposici\u00f3n de residuos hasta la emisi\u00f3n de la licencia ambiental.<\/span><\/p>\n<p class=\"MsoNormal\"><span>\u00a0<\/span><\/p>\n<p class=\"MsoNormal\"><span>La propiedad del terreno a la fecha de elaboraci\u00f3n del presente informe, se encuentra en tr\u00e1mite a favor de la EMMAICP-EP.<\/span><span><\/span><\/p>\n<p><strong><span>7.2<span>\u00a0\u00a0\u00a0\u00a0 <\/span>CONCEPCI\u00d3N T\u00c9CNICA DEL PROYECTO<\/span><\/strong><\/p>\n<p class=\"MsoBodyText\"><span>\u00a0<\/span><\/p>\n<p class=\"MsoBodyText\"><span>La concepci\u00f3n de gesti\u00f3n integral de residuos impulsado por la Fundaci\u00f3n IPADE en los diferentes proyectos que lleva adelante en el Ecuador promulgan la <b><i>reducci\u00f3n<\/i><\/b> de la cantidad de residuos que son dispuestos en un relleno sanitario a trav\u00e9s de conseguir una recuperaci\u00f3n mediante el <b><i>reciclaje<\/i><\/b> tanto de productos org\u00e1nicos como inorg\u00e1nicos presentes en los residuos, de la misma manera se propende a reducir el volumen de residuos impulsando el <b><i>reh\u00faso<\/i><\/b> de materiales apropiados como botellas, envases y otros.<\/span><\/p>\n<p class=\"MsoBodyText\"><span>\u00a0<\/span><\/p>\n<p class=\"MsoBodyText\"><span>La primera etapa para conseguir las metas antes se\u00f1aladas es conseguir una correcta clasificaci\u00f3n en los domicilios tarea ardua que es posible gracias la colaboraci\u00f3n y el empoderamiento de la ciudadan\u00eda, pero que requiere de intensas campa\u00f1as de comunicaci\u00f3n que permitan difundir los beneficios que conlleva esta participaci\u00f3n ciudadana b\u00e1sicamente reflejados en disminuci\u00f3n de costos de gesti\u00f3n de los residuos y en disminuci\u00f3n de contaminaci\u00f3n por reducci\u00f3n de vol\u00famenes de producci\u00f3n.<span>\u00a0\u00a0 <\/span>Es necesario adem\u00e1s dotar a la ciudadan\u00eda de los medios que faciliten llevar a cabo correctamente la tarea de clasificaci\u00f3n para lo cual se plantea la entrega de dos tachos de almacenamiento temporal para las fracciones org\u00e1nica e inorg\u00e1nica, con colores, formas y vol\u00famenes adecuados.<\/span><\/p>\n<p class=\"MsoBodyText\"><span>\u00a0<\/span><\/p>\n<p class=\"MsoBodyText\"><span>En cuanto a la recuperaci\u00f3n y reciclaje de materiales inorg\u00e1nicos se plantea la construcci\u00f3n de un sistema compuesto por: recogida diferenciada, camiones de recogida sin compactaci\u00f3n, una bandeja de recepci\u00f3n y alimentaci\u00f3n de una banda de selecci\u00f3n complementada con dep\u00f3sitos temporales de reciclables, finalmente prensas para embalado tanto de reciclables para su posterior comercializaci\u00f3n como de rechazo para su disposici\u00f3n final en el relleno sanitario.<\/span><\/p>\n<p class=\"MsoBodyText\"><span>\u00a0<\/span><\/p>\n<p class=\"MsoBodyText\"><span>El reciclaje de org\u00e1nicos se los realizara en una cadena que parte de la recogida diferenciada, transporte en camiones compactadores, procesamiento mediante un proceso de compostaje en una nave acondicionada y mediante un proceso semi mecanizado con el uso de una maquinaria liviana, el final de la cadena de producci\u00f3n comprende el tamizado semi mecanizado y el embalaje para la comercializaci\u00f3n. <\/span><\/p>\n<p class=\"MsoBodyText\"><span>\u00a0<\/span><\/p>\n<p class=\"MsoBodyText\"><span>La disposici\u00f3n final de los residuos se la realizar\u00e1 en un rellenos sanitario dotado de impermeabilizaci\u00f3n, ductos para conducci\u00f3n de lixiviados, escorrent\u00edas, chimeneas para evacuaci\u00f3n de gases, unidad de almacenamiento de lixiviados, al llegar los residuos empacados y aislados al relleno sanitario se elimina el uso de material de cobertura diaria as\u00ed como de maquinaria pesada para movimiento de tierras y compactaci\u00f3n, se prev\u00e9 el uso de maquinaria liviana y la ampliaci\u00f3n de la vida \u00fatil del relleno sanitario en al menos un 30% respecto del m\u00e9todo tradicional.<\/span><\/p>\n<p class=\"MsoBodyText\"><span>\u00a0<\/span><\/p>\n<p class=\"MsoBodyText\"><span>En cuanto al tratamiento de los lixiviados se lo realizar\u00e1 mediante la disposici\u00f3n en las unidades de tratamiento que dispone la empresa de alcantarilladod e la cidad de Cuenca mientras se realiza la construcci\u00f3n de las unidades de tratamiento de aguas negras en la ciudad de Gualaceo, para el almacenamiento de los liviviados se ha previsto la construcci\u00f3n de dos tanque de hormigon armado con una capacidad de al menos quince metros c\u00fabicos cada uno, mas una balsa para crecientes que funcionar\u00e1 en la eventualidad de desbordamiento de los tanque de almacenamiento, aem\u00e1s se proveer\u00e1 de una motobomba para propiciar la recirculaci\u00f3n hacia la zona de compostaje en el caso de requrirse.<\/span><\/p>\n<p class=\"MsoBodyText\"><span>\u00a0<\/span><\/p>\n<p class=\"MsoBodyText\"><span>El Ecoparque para la gesti\u00f3n de residuos contar\u00e1 adem\u00e1s con oficinas administrativas para el control y funcionamiento t\u00e9cnico del mismo as\u00ed como \u00e1rea sanitaria para uso del personal operativo, se reservar\u00e1n tambi\u00e9n zonas para el futuro equipamiento de un centro de interpretaci\u00f3n y aulas de capacitaci\u00f3n a estudiantes de los cantones mancomunados.<\/span><\/p>\n<p class=\"MsoBodyText\"><span>\u00a0<\/span><\/p>\n<p class=\"MsoNormal\"><span>Se ha procurado que la distribuci\u00f3n del centro de gesti\u00f3n de residuos cumpla con los siguientes principios b\u00e1sicos:<\/span><\/p>\n<p class=\"MsoNormal\"><span>\u00a0<\/span><\/p>\n<p class=\"MsoNormal\"><span>1)<\/span><span> Principio de la Integraci\u00f3n de conjunto. Se integra las actividades auxiliares, as\u00ed como cualquier otro factor, de modo que resulte el compromiso mejor entre todas las partes.<\/span><\/p>\n<p class=\"MsoNormal\"><span>2) Principio de la m\u00ednima distancia recorrida a igualdad de condiciones, Que permite que la distancia a recorrer por el material entre operaciones sea la m\u00e1s corta.<\/span><\/p>\n<p class=\"MsoNormal\"><span>3) Principio de la circulaci\u00f3n o flujo de materiales. En igualdad de condiciones, es mejor aquella distribuci\u00f3n o proceso que este en el mismo orden a secuencia en que se transforma, tratan o montan los materiales.<\/span><\/p>\n<p class=\"MsoNormal\"><span>4) Principio de espacio c\u00fabico. La econom\u00eda se obtiene utilizando de un modo efectivo todo el espacio disponible, tanto vertical como horizontal.<\/span><\/p>\n<p class=\"MsoNormal\"><span>5) Principio de la satisfacci\u00f3n y de la seguridad. A igual de condiciones, ser\u00e1 siempre m\u00e1s efectiva la distribuci\u00f3n que haga el trabajo m\u00e1s satisfactorio y seguro para los productores.<\/span><\/p>\n<p class=\"MsoNormal\"><span>6) Principio de la flexibilidad. A igual de condiciones, siempre ser\u00e1 m\u00e1s efectiva la distribuci\u00f3n que pueda ser ajustada o reordenada con menos costo o inconvenientes.<\/span><\/p>\n<p><strong><span>7.3<span>\u00a0\u00a0\u00a0\u00a0 <\/span>ESTUDIOS Y DISE\u00d1OS DE INGENIER\u00cdA<\/span><\/strong><\/p>\n<p class=\"MsoNormal\"><span>\u00a0<\/span><\/p>\n<p><strong><span>7.3.1 Ingenier\u00eda b\u00e1sica complementaria<\/span><\/strong><\/p>\n<p class=\"MsoNormal\"><span>\u00a0<\/span><\/p>\n<p class=\"MsoBodyText\"><span>A continuaci\u00f3n se procede a realizar el complemento necesario en cada una de los campos a fin de contar con los dise\u00f1os completos del centro de gesti\u00f3n de la EMMAI-CP-EP.<\/span><\/p>\n<p><strong><span>7.3.1.1<span>\u00a0\u00a0\u00a0\u00a0\u00a0\u00a0\u00a0 <\/span>Topograf\u00eda<\/span><\/strong><\/p>\n<p class=\"MsoNormal\"><span>\u00a0<\/span><\/p>\n<p class=\"MsoNormal\"><span>Contando con una taquimetr\u00eda escala 1:1.000 proporcionada por el personal t\u00e9cnico de la EMMAI-CP-EP tal como lo establec\u00edan los t\u00e9rminos de referencia se ha procedido ha realizar el replante de campo de las \u00e1reas determinadas para la ubicaci\u00f3n de oficinas administrativas, naves de compostaje y reciclaje as\u00ed como primera terraza del relleno sanitario.<\/span><\/p>\n<p class=\"MsoNormal\"><span>El producto de los trabajos antes se\u00f1alados es:<\/span><\/p>\n<ul>\n<li><span><\/span><span>Plano de emplazamiento general de infraestructura.<\/span><\/li>\n<li><span><\/span><span>Plano de movimiento de tierras y c\u00e1lculo de vol\u00famenes as\u00ed como de perfiles de control.<\/span><\/li>\n<li><span><\/span><span>Plano de dise\u00f1o final del relleno sanitario con las infraestructuras complementarias.<\/span><\/li>\n<li><span><\/span><span>Plano de emplazamiento de sistema de drenajes del centro de gesti\u00f3n y detalles constructivos del sistema de almacenamiento de lixiviados.<\/span><\/li>\n<li><span><\/span><span>Emplazamiento y detalles constructivos de la estructura de cubierta y base de la nave de compostaje.<\/span><\/li>\n<li><span><\/span><span>Emplazamiento y detalles constructivos de la estructura de cubierta y base de la nave de reciclaje.<\/span><\/li>\n<li><span><\/span><span>Plano arquitect\u00f3nico de \u00e1reas administrativas y sanitarias.<\/span><\/li>\n<\/ul>\n<p><strong><span>7.3.1.2<span>\u00a0\u00a0\u00a0\u00a0\u00a0\u00a0\u00a0 <\/span>Mec\u00e1nica de suelos<\/span><\/strong><\/p>\n<p class=\"MsoNormal\"><span>\u00a0<\/span><\/p>\n<p class=\"MsoNormal\"><span>ESTUDIO DE SUELOS<\/span><\/p>\n<p class=\"MsoNormal\"><span>\u00a0<\/span><\/p>\n<p class=\"MsoNormal\"><span>Con el prop\u00f3sito de conocer con profundidad, las caracter\u00edsticas del subsuelo del sitio seleccionado para eliminaci\u00f3n final, se ha investigado por el m\u00e9todo de calicatas, los par\u00e1metros necesarios para el correcto y seguro dise\u00f1o de las obras para disposici\u00f3n final, tales como: el tipo de suelo, clasificaci\u00f3n granulom\u00e9\u00adtrica, humedad natural, l\u00edmite l\u00edquido y pl\u00e1stico, compresibilidad y permeabilidad.<\/span><\/p>\n<p class=\"MsoNormal\"><span>\u00a0<\/span><\/p>\n<p class=\"MsoNormal\"><span>\u00a0<\/span><\/p>\n<p class=\"MsoNormal\"><span>\u00a0<\/span><\/p>\n<p> <span><br clear=\"all\" \/><\/span> <\/p>\n<p class=\"MsoNormal\"><span>\u00a0<\/span><\/p>\n<p><strong><span>7.3.1.3<span>\u00a0\u00a0\u00a0\u00a0\u00a0\u00a0\u00a0 <\/span>I<\/span><span>dentificaci\u00f3n de las normas y procedimientos de dise\u00f1o<\/span><span><\/span><\/strong><\/p>\n<p class=\"MsoNormal\"><span>\u00a0<\/span><\/p>\n<p class=\"MsoNormal\"><span>El dise\u00f1o de los diferentes componentes del sistema se los ha realizado tomando en cuanto las especificaciones que para el efecto recomienda las normas constructivas del Centro Panamericano de Ingenier\u00eda Sanitaria CEPIS en lo relacionado a dimensionamiento de obras para gesti\u00f3n de residuos s\u00f3lidos.<\/span><\/p>\n<p class=\"MsoNormal\"><span>\u00a0<\/span><\/p>\n<p class=\"MsoNormal\"><span>De la misma manera para el dise\u00f1o se ha trabajado sobre la norma t\u00e9cnica nacional del Ecuador y bajo el amparo de la Ley de Gesti\u00f3n Ambiental y del Reglamento a la Ley de Gesti\u00f3n Ambiental para la Prevenci\u00f3n y Control de la Contaminaci\u00f3n Ambiental. <\/span><\/p>\n<p class=\"MsoNormal\"><span>\u00a0<\/span><\/p>\n<p><strong><span>7.4<span>\u00a0\u00a0\u00a0\u00a0 <\/span>DISE\u00d1OS DE INGENIER\u00cdA<\/span><\/strong><\/p>\n<p class=\"MsoNormal\"><span>\u00a0<\/span><\/p>\n<p class=\"MsoNormal\"><span>A continuaci\u00f3n se procede a se\u00f1alar los fundamentos te\u00f3ricos para el dise\u00f1o de las diferentes etapas que conforman es sistema integral de gesti\u00f3n de residuos s\u00f3lidos<\/span><\/p>\n<p class=\"MsoNormal\"><span>\u00a0<\/span><\/p>\n<p class=\"MsoNormal\"><b><span>7.4.1 Almacenamiento temporal<\/span><\/b><\/p>\n<p class=\"MsoNormal\"><span>\u00a0<\/span><\/p>\n<p class=\"MsoNormal\"><span>Considerando los resultados de la caracterizaci\u00f3n de residuos realizados en los cinco cantones por la EMMAI-CP-EP y la Fundaci\u00f3n IPADE se refleja una producci\u00f3n de residuos domiciliaria per c\u00e1pita en 0,57 Kg\/Hab\/d\u00eda de la cual el 55% de residuos corresponde a org\u00e1nicos y el 45% restante a inorg\u00e1nicos m\u00e1s los siguientes factores.<\/span><\/p>\n<p class=\"MsoNormal\"><span>\u00a0<\/span><\/p>\n<ul>\n<li class=\"MsoNormal\"><span>Producci\u00f3n diaria promedio de 1,58 Kg\/hab\/d\u00eda de org\u00e1nicos familia promedio.<\/span><\/li>\n<li class=\"MsoNormal\"><span>Producci\u00f3n diaria promedio de 1,28 Kg\/hab\/d\u00eda de inorg\u00e1nicos familia promedio.<\/span><\/li>\n<li class=\"MsoNormal\"><span>Incremento en la producci\u00f3n diaria de un 20% en el periodo de vida \u00fatil considerado 5 a\u00f1os.<\/span><\/li>\n<li class=\"MsoNormal\"><span>Familia promedio de cinco habitantes.<\/span><\/li>\n<li class=\"MsoNormal\"><span>Frecuencia de recolecci\u00f3n de 3\/7 org\u00e1nicos.<\/span><\/li>\n<li class=\"MsoNormal\"><span>Frecuencia de recolecci\u00f3n de 2\/7 inorg\u00e1nicos.<\/span><\/li>\n<li class=\"MsoNormal\"><span>Densidad suelta promedio org\u00e1nicos 0,20 Ton\/m3<\/span><\/li>\n<li class=\"MsoNormal\"><span>Densidad suelta promedio inrg\u00e1nicos.0,15 Ton\/m3<\/span><\/li>\n<\/ul>\n<p class=\"MsoNormal\"><span>\u00a0<\/span><\/p>\n<p class=\"MsoNormal\"><span>Con los datos presentados se elabora la Tabla 8 presentada a continuaci\u00f3n en la cual se determina el volumen de los recipientes de almacenamiento temporal requerido el cual es asimilado a los disponible en el mercado con el recipiente de 55 lts equipado con tapa y agarraderas como los presentados en las respectivas gr\u00e1ficas adem\u00e1s en colores verde para la fracci\u00f3n org\u00e1nica y negro para la fracci\u00f3n inorg\u00e1nica.<\/span><\/p>\n<p class=\"MsoNormal\"><span>\u00a0<\/span><\/p>\n<p class=\"MsoNormal\"><span><\/span><span><\/span><\/p>\n<p class=\"MsoNormal\"><span>\u00a0<\/span><\/p>\n<p align=\"center\" class=\"MsoNormal\"><span>Tabla 9. C\u00e1lculo de vol\u00famenes de recipientes de dep\u00f3sito domiciliario.<\/span><\/p>\n<p class=\"MsoNormal\"><span>\u00a0<\/span><\/p>\n<p class=\"MsoNormal\"><span>\u00a0<\/span><\/p>\n<p class=\"MsoNormal\"><span>\u00a0<\/span><\/p>\n<p align=\"center\" class=\"MsoNormal\"><span><\/span><span><\/span><\/p>\n<p align=\"center\" class=\"MsoNormal\"><span>\u00a0<\/span><\/p>\n<p align=\"center\" class=\"MsoNormal\"><span>Foto 2.<span>\u00a0\u00a0\u00a0 <\/span>Modelo de recipientes de dep\u00f3sito domiciliario.<\/span><\/p>\n<p class=\"MsoNormal\"><span>\u00a0<\/span><\/p>\n<p class=\"MsoNormal\"><span>\u00a0<\/span><\/p>\n<p class=\"MsoNormal\"><span>\u00a0<\/span><\/p>\n<p class=\"MsoNormal\"><span>\u00a0<\/span><\/p>\n<p class=\"MsoNormal\"><span>\u00a0<\/span><\/p>\n<p class=\"MsoNormal\"><b><span>7.4.2 Barrido p\u00fablico y recolecci\u00f3n<\/span><\/b><\/p>\n<p class=\"Documento1\"><span>\u00a0<\/span><\/p>\n<p class=\"Documento1\"><span>La EMMAI-CP-EP ha determinado como parte de su plan de operatividad y estudio para la justificaci\u00f3n de la renovaci\u00f3n del parque de recolectores las siguientes variables:<\/span><\/p>\n<p class=\"Documento1\"><span>\u00a0<\/span><\/p>\n<ul>\n<li><span><\/span><span>Porcentaje de cobertura del nuevo sistema.<\/span><\/li>\n<li><span><\/span><span>Tipo de barrido. <\/span><\/li>\n<li><span><\/span><span>Dise\u00f1o de las rutas de barrido.<\/span><\/li>\n<li><span><\/span><span>Frecuencia y horarios de barrido.<\/span><\/li>\n<li><span><\/span><span>N\u00famero de jornaleros y\/o equipos para llevar a cabo esta tarea y su rendimiento en funci\u00f3n lineal (Km\/hombre-d\u00eda) y\/o (Km\/unidad-d\u00eda) respectivamente.<\/span><\/li>\n<li><span><\/span><span>Detalle, caracter\u00edsticas y vida \u00fatil de los accesorios y herramientas para los jornaleros.<\/span><\/li>\n<\/ul>\n<p class=\"MsoNormal\"><span>\u00a0<\/span><\/p>\n<p class=\"MsoNormal\"><span>\u00a0<\/span><\/p>\n<p class=\"MsoNormal\"><span>\u00a0<\/span><\/p>\n<p class=\"MsoNormal\"><b><span>7.4.3 Tratamiento de Org\u00e1nicos<\/span><\/b><\/p>\n<p class=\"MsoNormal\"><b><span>\u00a0<\/span><\/b><\/p>\n<p class=\"MsoNormal\"><span>La materia org\u00e1nica recogida selectivamente permite obtener un compost de calidad, material que es muy apreciado en la agricultura ya que mejora la calidad f\u00edsica, qu\u00edmica y biol\u00f3gica del suelo, y por lo tanto muy apropiado para utilizarlo en la zona de producci\u00f3n.<\/span><\/p>\n<p class=\"MsoNormal\"><span>\u00a0<\/span><\/p>\n<p class=\"MsoNormal\"><span>El proceso de compostaje es un proceso vivo que se sirve de los microorganismos que se hallan en la naturaleza (b\u00e1sicamente bacterias y hongos) para descomponer la materia org\u00e1nica de forma acelerada y que tiene por resultado un material estable con alto contenido de microorganismos y un mediano contenido en nutrientes. El compostaje reproduce la degradaci\u00f3n de los productos org\u00e1nicos que se da de forma natural en la naturaleza, pero de forma acelerada, transformando residuos en productos de gran valor para enriquecer el suelo agr\u00edcola. <\/span><\/p>\n<p class=\"MsoNormal\"><span>\u00a0<\/span><\/p>\n<p class=\"MsoNormal\"><span>Para garantizar un buen proceso de compostaje es necesario que se tengan presente dos aspectos que son determinantes para este tipo de instalaciones:<\/span><\/p>\n<p class=\"MsoNormal\"><span>\u00a0<\/span><\/p>\n<p class=\"MsoNormal\"><span><span>\u00fc<span>\u00a0 <\/span><\/span><\/span><span>La materia org\u00e1nica ha de estar libre de otros materiales, la presencia de los cuales puede afectar el buen funcionamiento del proceso o la calidad del producto obtenido. <\/span><\/p>\n<p class=\"MsoNormal\"><span><span>\u00fc<span>\u00a0 <\/span><\/span><\/span><span>La materia org\u00e1nica a compostar pasa por distintas fases biol\u00f3gicas cada una de las cuales precisa de una gesti\u00f3n distinta. Por lo cual una buena gesti\u00f3n es fundamental para garantizar el \u00e9xito del tratamiento de los residuos org\u00e1nicos.<\/span><\/p>\n<p class=\"MsoNormal\"><span>\u00a0<\/span><\/p>\n<p class=\"MsoNormal\"><span>Por ello se recomienda que el proceso de compostaje se contemple como un proceso de producci\u00f3n de compost y no como una planta de tratamiento de residuos. <\/span><\/p>\n<p class=\"MsoNormal\"><span>\u00a0<\/span><\/p>\n<p class=\"MsoNormal\"><span>\u00a0<\/span><\/p>\n<p class=\"MsoNormal\"><b><span>7.4.3.1<span>\u00a0\u00a0\u00a0\u00a0\u00a0\u00a0\u00a0 <\/span>Dimensionado<\/span><\/b><\/p>\n<p class=\"MsoNormal\"><span>\u00a0<\/span><\/p>\n<p class=\"MsoNormal\"><span>A partir de las caracterizaciones realizadas en los cantones la cantidad de materia org\u00e1nica presente en los residuos est\u00e1 en torno al 55% promedio. <\/span><\/p>\n<p class=\"MsoNormal\"><span>\u00a0<\/span><\/p>\n<p class=\"MsoNormal\"><span>Las previsiones de recogida, con la aplicaci\u00f3n de la recogida selectiva de forma individual, quedan recogidas en la tabla adjunta, y en la cual se puede apreciar que la cantidad prevista a recoger puede variar de forma considerable con el tiempo. <\/span><\/p>\n<p class=\"MsoNormal\"><span>\u00a0<\/span><\/p>\n<p class=\"MsoNormal\"><span><\/span><span><\/span><\/p>\n<p class=\"MsoNormal\"><span>\u00a0<\/span><\/p>\n<p align=\"center\" class=\"MsoNormal\"><span>Tabla 10. Vol\u00famenes de materia org\u00e1nica recogida por a\u00f1os<\/span><\/p>\n<p align=\"center\" class=\"MsoNormal\"><span>\u00a0<\/span><\/p>\n<p align=\"center\" class=\"MsoNormal\"><span>\u00a0<\/span><\/p>\n<p align=\"center\" class=\"MsoNormal\"><span>\u00a0<\/span><\/p>\n<p class=\"MsoNormal\"><span>Por ello ser\u00eda prudente prever una instalaci\u00f3n con capacidad f\u00edsica de crecimiento. En una primera fase se recomienda un dise\u00f1o para poder tratar unas 11.200 toneladas anuales.<\/span><\/p>\n<p class=\"MsoNormal\"><span>\u00a0<\/span><\/p>\n<p class=\"MsoNormal\"><span>A parte de los residuos dom\u00e9sticos en las plantas de compostaje tambi\u00e9n se pueden gestionar otros residuos org\u00e1nicos como los que se generan en las actividades agropecuarias, en mataderos, etc.<\/span><\/p>\n<p class=\"MsoNormal\"><span><\/span><\/p>\n<p class=\"MsoNormal\"><span>En el proceso de compostaje es necesaria la presencia de madera triturada (astillas) libre de elementos contaminantes (pinturas, barnices, antipar\u00e1sitos, etc.), o de granza de arroz, bagazo de ca\u00f1a o residuos de podas y jardiner\u00eda. Este material, una vez triturado, se emplea como elemento estructurante en el proceso de compostaje facilitando la aireaci\u00f3n de la mezcla, y como material que aporta parte del carbono contenido en el compost producido.<\/span><\/p>\n<p class=\"MsoNormal\"><span>\u00a0<\/span><\/p>\n<p> <b><span><br clear=\"all\" \/><\/span><\/b> <\/p>\n<p class=\"MsoNormal\"><b><span>\u00a0<\/span><\/b><\/p>\n<p class=\"MsoNormal\"><b><span>7.4.3.2<span>\u00a0\u00a0\u00a0\u00a0\u00a0\u00a0\u00a0 <\/span>Producci\u00f3n de compost<\/span><\/b><\/p>\n<p class=\"MsoNormal\"><span>\u00a0<\/span><\/p>\n<p class=\"MsoNormal\"><span>La producci\u00f3n de compost est\u00e1 directamente relacionada con la cantidad de materia org\u00e1nica entrada en la planta de compostaje, la calidad de \u00e9sta y el proceso de elaboraci\u00f3n. En general se estima que la producci\u00f3n total de compost se halla entre el 10% y el 20%, en peso, de la fracci\u00f3n org\u00e1nica entrada. Los par\u00e1metros que influir\u00e1n en la producci\u00f3n de compost son:<\/span><\/p>\n<p class=\"MsoNormal\"><span>\u00a0<\/span><\/p>\n<p class=\"MsoNormal\"><span><span>\u00fc<span>\u00a0 <\/span><\/span><\/span><span>La humedad del material de entrada.<\/span><\/p>\n<p class=\"MsoNormal\"><span><span>\u00fc<span>\u00a0 <\/span><\/span><\/span><span>La proporci\u00f3n de mezcla entre la fracci\u00f3n org\u00e1nica y el material estructurante (madera y maleza triturada).<\/span><\/p>\n<p class=\"MsoNormal\"><span><span>\u00fc<span>\u00a0 <\/span><\/span><\/span><span>El sistema de separaci\u00f3n del compost del resto de elementos.<\/span><\/p>\n<p class=\"MsoNormal\"><span>\u00a0<\/span><\/p>\n<p class=\"MsoNormal\"><span>Por todo ello es de prever que en una primera fase se produzcan entre 1100 y 2000 toneladas anuales de este material.<\/span><\/p>\n<p class=\"MsoNormal\"><span>\u00a0<\/span><\/p>\n<p class=\"MsoNormal\"><b><span>7.4.3.3<span>\u00a0\u00a0\u00a0\u00a0\u00a0\u00a0\u00a0 <\/span>Proceso de compostaje propuesto<\/span><\/b><\/p>\n<p class=\"MsoNormal\"><span>\u00a0<\/span><\/p>\n<p class=\"MsoNormal\"><span>Las cantidades de residuos a tratar y las caracter\u00edsticas geogr\u00e1ficas de la zona, permiten la utilizaci\u00f3n de sistemas de compostaje de baja intensidad. El proceso que se describe es sin la utilizaci\u00f3n de activadores biol\u00f3gicos.<\/span><\/p>\n<p class=\"MsoNormal\"><span>\u00a0<\/span><\/p>\n<p class=\"MsoNormal\"><span>En l\u00edneas generales la metodolog\u00eda a emplear ser\u00eda la siguiente:<\/span><\/p>\n<p class=\"MsoNormal\"><span>\u00a0<\/span><\/p>\n<p class=\"MsoNormal\"><span><span>\u00fc<span>\u00a0 <\/span><\/span><\/span><span>Los residuos org\u00e1nicos llegan a la planta y se retiran los elementos de mayor tama\u00f1o no degradables. <\/span><\/p>\n<p class=\"MsoNormal\"><span><span>\u00fc<span>\u00a0 <\/span><\/span><\/span><span>Opcionalmente podr\u00edan ser triturados estos residuos pero, en gran parte de los centros de procesamiento esos equipos no se utilizan por las siguientes razones:<\/span><\/p>\n<ul>\n<li><span><\/span><\/li>\n<li><span><\/span><\/li>\n<li><span><\/span><\/li>\n<li><span><\/span><\/li>\n<\/ul>\n<p class=\"MsoNormal\"><span><span>\u00fc<span>\u00a0 <\/span><\/span><\/span><span>Los residuos se mezclan con la materia estructurante obteniendo un producto homog\u00e9neo y poroso, que facilitar\u00e1 la oxigenaci\u00f3n de la masa a compostar.<\/span><\/p>\n<p class=\"MsoNormal\"><span><span>\u00fc<span>\u00a0 <\/span><\/span><\/span><span>Una vez efectuada la mezcla, el producto obtenido se apila en filas de forma piramidal, con una altura de 2,5 a 4,0 metros y de 2,5 a 5,0 metros de base, en nuestro caso concreto trabajaremos constituyendo bermas de 4,0 metros de base y 3,5 de altura momento en que la masa empieza el proceso de compostaje. Las pilas, tambi\u00e9n conocidas como camellones, est\u00e1n sometidas a un control de humedad y temperatura, gracias a los cuales se verifica el correcto funcionamiento del proceso de fase el material se puede inocular con el fin de acelerar el proceso.<\/span><\/p>\n<p class=\"MsoNormal\"><span><span>\u00fc<span>\u00a0 <\/span><\/span><\/span><span>De forma peri\u00f3dica las filas se remueven para esponjar el producto, dos veces por semana en el primer mes, bajando las frecuencias hasta una vez en el \u00faltimo mes. Se controlar\u00e1 la temperatura facilitando la descomposici\u00f3n correcta de toda la pila. Tambi\u00e9n se regular\u00e1 la humedad, a trav\u00e9s de riego de las pilas, para que los microorganismos est\u00e9n en las condiciones \u00f3ptimas, el proceso de volteo se lo realizar\u00e1 de manera mec\u00e1nica con el uso de una mini cargadora.<\/span><\/p>\n<p class=\"MsoNormal\"><span><span>\u00fc<span>\u00a0 <\/span><\/span><\/span><span>La masa, despu\u00e9s de unos 90 d\u00edas, ya no presenta actividad biol\u00f3gica y se considera producto estabilizado y listo para su uso como compost. <\/span><\/p>\n<p class=\"MsoNormal\"><span><span>\u00fc<span>\u00a0 <\/span><\/span><\/span><span>Las pilas, una vez estabilizadas, se someten a un proceso de cribado del que se extrae por un lado compost (fase fina del material) y el resto formado por restos de madera triturada e impropios (fase gruesa). De la fase gruesa se recuperan las maderas y el resto se elimina al relleno sanitario.<\/span><\/p>\n<p class=\"MsoNormal\"><span>\u00a0<\/span><\/p>\n<p class=\"MsoNormal\"><span>La hip\u00f3tesis de trabajo planteada se basa en que los residuos org\u00e1nicos se recogen de forma separada del resto de los desechos, y por tanto se puede obtener un compost de buena calidad. <\/span><\/p>\n<p class=\"MsoNormal\"><span>\u00a0<\/span><\/p>\n<p class=\"MsoNormal\"><b><span>7.4.3.4<span>\u00a0\u00a0\u00a0\u00a0\u00a0\u00a0\u00a0 <\/span>C\u00e1lculo de la superficie de la planta de compostaje<\/span><\/b><\/p>\n<p class=\"MsoNormal\"><span>\u00a0<\/span><\/p>\n<p class=\"MsoNormal\"><span>Para poder dimensionar la planta de compostaje se ha partido de los valores est\u00e1ndares de este tipo de instalaci\u00f3n, y con unos tiempos de descomposici\u00f3n de 90 d\u00edas. En el caso de poder acelerar este proceso las necesidades de superficie podr\u00edan ser inferiores. Los valores estimados son los siguientes:<\/span><\/p>\n<p class=\"MsoNormal\"><span>\u00a0<\/span><\/p>\n<p class=\"MsoNormal\"><span><\/span><span><\/span><\/p>\n<p class=\"MsoNormal\"><span>\u00a0<\/span><\/p>\n<p align=\"center\" class=\"MsoNormal\"><span>Tabla 11. Areas requeridas para el tratamiento de compostaje<\/span><\/p>\n<p align=\"center\" class=\"MsoNormal\"><span>\u00a0<\/span><\/p>\n<p class=\"MsoNormal\"><span>La superficie prevista, para poder tratar 11.200 toneladas el primer a\u00f1os, es de aproximadamente 480 m<sup>2<\/sup>, con la distribuci\u00f3n que se detalla en el cuadro anterior. Las pilas y las zonas de trabajo convienen que est\u00e9n bajo cubierto para evitar las precipitaciones y la radiaci\u00f3n directa del sol. Por tanto se ha de prever que los 400metros cuadrados requeridos est\u00e9n bajo cubierta para lo cual se ha dise\u00f1ado una estructura detallada en los planos correspondientes, para el segundo a\u00f1o se debe prever una ampliaci\u00f3n capaz de cubrir el requerimiento de 2200 m2.<\/span><\/p>\n<p class=\"MsoNormal\"><b><span>\u00a0<\/span><\/b><\/p>\n<p class=\"MsoNormal\"><b><span>\u00a0<\/span><\/b><\/p>\n<p class=\"MsoNormal\"><b><span>\u00a0<\/span><\/b><\/p>\n<p class=\"MsoNormal\"><b><span>\u00a0<\/span><\/b><\/p>\n<p class=\"MsoNormal\"><b><span>\u00a0<\/span><\/b><\/p>\n<p class=\"MsoNormal\"><b><span>\u00a0<\/span><\/b><\/p>\n<p class=\"MsoNormal\"><b><span>\u00a0<\/span><\/b><\/p>\n<p class=\"MsoNormal\"><b><span>7.4.4 Tratamiento de Inorg\u00e1nicos<\/span><\/b><\/p>\n<p class=\"MsoFootnoteText\"><b><span>\u00a0<\/span><\/b><\/p>\n<p class=\"parrafo\"><span>Una de las alternativas posibles para solucionar el problema de la contaminaci\u00f3n ambiental que origina la basura, es el reciclaje o reciclamiento de materiales de desecho como el papel, el cart\u00f3n, el vidrio, los metales y los alimentos. <\/span><span class=\"parrafo1\"><span>El reciclaje de los desechos es un proceso que consta de las siguientes etapas: <\/span><\/span><\/p>\n<ul>\n<li class=\"MsoNormal\"><span class=\"parrafo1\"><span>Separar en la fuente de producci\u00f3n (domiciliarios) los componentes de la basura en org\u00e1nicos e inorg\u00e1nicos. <\/span><\/span><span><\/span><\/li>\n<li class=\"MsoNormal\"><span class=\"parrafo1\"><span>Clasificar manualmente en un sistema de bandas transportadoras los componentes inorg\u00e1nicos en papel, cart\u00f3n, vidrio y metales, y almacenarlos por separado. <\/span><\/span><\/li>\n<li class=\"MsoNormal\"><span class=\"parrafo1\"><span>Empacar mediante un prensado los diferentes componentes por grupos.<\/span><\/span><span><\/span><\/li>\n<li class=\"MsoNormal\"><span class=\"parrafo1\"><span>Comercializar todos estos materiales a las industrias correspondientes que los reciclan. <\/span><\/span><span><\/span><\/li>\n<li class=\"MsoNormal\"><span class=\"parrafo1\"><span>Los compradores de cada grupo se encargan de procesar cada material de desecho con un tratamiento adecuado.<\/span><\/span><span> <\/span><\/li>\n<\/ul>\n<p class=\"parrafo\"><span>El reciclaje de algunos de los componentes de los residuos los convierte en materia prima \u00fatil y de menor costo para las industrias. El tratamiento industrial de la basura depende del tipo de desecho: <\/span><\/p>\n<ul>\n<li class=\"MsoNormal\"><span class=\"parrafo1\"><span>El <\/span><\/span><span class=\"parrafo1\"><b><span>papel y el cart\u00f3n<\/span><\/b><\/span><span class=\"parrafo1\"><span>, se procesan por tratamiento qu\u00edmico para disolverlos, quitarles las impurezas y luego se presionan y se prensan para producir nuevo papel. <\/span><\/span><span><\/span><\/li>\n<li class=\"MsoNormal\"><span class=\"parrafo1\"><span>El <\/span><\/span><span class=\"parrafo1\"><b><span>vidrio<\/span><\/b><\/span><span class=\"parrafo1\"><span>, se procesa por fundici\u00f3n a grandes temperaturas, para luego formar nuevos envases y una gran variedad de objetos de adorno. <\/span><\/span><span><\/span><\/li>\n<li class=\"MsoNormal\"><span class=\"parrafo1\"><span>Los <\/span><\/span><span class=\"parrafo1\"><b><span>metales<\/span><\/b><\/span><span class=\"parrafo1\"><span>, como el hierro y el aluminio, se procesan tambi\u00e9n por fundici\u00f3n a altas temperaturas, para formar envases de latas y otros productos diversos como juguetes.<\/span><\/span><\/li>\n<\/ul>\n<ul>\n<li><span class=\"parrafo1\"><span><\/span><\/span><span class=\"parrafo1\"><span>Para la planta de reciclaje que se trata en este apartado considera solamente el dise\u00f1o de la nave en la cual se implementar\u00e1n las bandas de selecci\u00f3n, prensas y \u00e1reas de almacenamiento temporal. Cabe se\u00f1alar que el piso deber\u00e1 estar constituido por una losa de hormig\u00f3n para facilitar la maniobra con maquinaria liviana y carretillas para transportar tanto reciclables como rechazo hacia el dep\u00f3sito final y a las zonas de almacenamiento temporal. Esta superficie ir\u00e1 provista de canales para la evacuaci\u00f3n de los lixiviados generados especialmente en la zona de prensado y en los almacenes de residuos. En cuanto a las dimensiones de la estructura de la nave deber\u00e1 contar con una altura que no deber\u00e1 ser menor de 5 metros para poder albergar la cabina de triaje manual que ir\u00e1 ubicada sobre los trojes o almacenes de reciclables. Dado que no se ha considerado la utilizaci\u00f3n de tr\u00f3meles, la longitud de la planta ser\u00e1 de 25 metros, suficientes para albergar la maquinaria.<\/span><\/span><span class=\"parrafo1\"><span><\/span><\/span><\/li>\n<li><span><\/span><span>Para el presente trabajo en los planos constructivo se presenta el detalle de la nave de reciclaje.<\/span><\/li>\n<\/ul>\n<p class=\"MsoFootnoteText\"><b><span>\u00a0<\/span><\/b><\/p>\n<p class=\"MsoFootnoteText\"><b><span>\u00a0<\/span><\/b><\/p>\n<p class=\"MsoFootnoteText\"><b><span>\u00a0<\/span><\/b><\/p>\n<p class=\"MsoNormal\"><span>\u00a0\u00a0\u00a0\u00a0 <\/span><\/p>\n<p class=\"MsoHeading7\"><span>Foto 3. Clasificaci\u00f3n del material reciclable en el Centro de Gesti\u00f3n de Residuos S\u00f3lidos, Empresa Mancomunada Bucay, Cumanda y Pallatanga<\/span><\/p>\n<p> <span><br clear=\"all\" \/><\/span> <\/p>\n<p class=\"MsoNormal\"><span>\u00a0<\/span><\/p>\n<p class=\"MsoNormal\"><span><\/span><\/p>\n<p align=\"center\" class=\"MsoNormal\"><span><span>\u00a0\u00a0\u00a0\u00a0\u00a0\u00a0\u00a0\u00a0 <\/span>Foto 4. Pacas de reciclables Centro de gesti\u00f3n San Cristobal.<\/span><span><\/span><\/p>\n<p class=\"MsoFootnoteText\"><b><span>\u00a0<\/span><\/b><\/p>\n<p class=\"MsoFootnoteText\"><span>\u00a0<\/span><\/p>\n<p class=\"MsoNormal\"><b><span>7.4.5 Disposici\u00f3n final<\/span><\/b><\/p>\n<p class=\"MsoNormal\"><span>\u00a0<\/span><\/p>\n<p class=\"MsoNormal\"><span>Los resultados altamente satisfactorios de la aplicaci\u00f3n del empacado en seco de los materiales de rechazo producidos en la cadena de separaci\u00f3n de inorg\u00e1nicos obtenidos en la empresa mancomunada de Pallatanga, Cumand\u00e1 y Bucay as\u00ed como en la Isla de San Crist\u00f3bal provincia de Gal\u00e1pagos, validan este proceso como el m\u00e1s adecuado tanto desde el punto de vista ambiental como financiero para ser reproducido en el centro de gesti\u00f3n de la EMMAI-CP-EP.<\/span><\/p>\n<p class=\"MsoNormal\"><span>\u00a0<\/span><\/p>\n<p class=\"MsoNormal\"><span>El pretratamiento de alta compactaci\u00f3n es conocido tambi\u00e9n como la tecnolog\u00eda del \u201cRelleno Seco\u201d. Su principal objetivo es acelerar y facilitar el control de los rellenos sanitarios a trav\u00e9s de la reducci\u00f3n del volumen de los residuos por su alta compactaci\u00f3n con una prensa para el embalado del rechazo.<\/span><\/p>\n<p class=\"MsoNormal\"><span>\u00a0<\/span><\/p>\n<p class=\"MsoNormal\"><span>Con este procedimiento se aumenta la cantidad de los residuos depositados en el relleno sanitario y promete reducir los problemas ambientales y un mejor manejo de la disposici\u00f3n final.<\/span><\/p>\n<p class=\"MsoNormal\"><span>\u00a0<\/span><\/p>\n<p class=\"MsoNormal\"><span>En el sistema de gesti\u00f3n sugerido, el rechazo es el producto residual de la operaci\u00f3n de separaci\u00f3n de reciclables que se realizar\u00e1 manualmente en el centro de gesti\u00f3n. <\/span><\/p>\n<p class=\"MsoNormal\"><span>\u00a0<\/span><\/p>\n<p class=\"MsoNormal\"><span>\u00a0<\/span><\/p>\n<p class=\"MsoNormal\"><span>\u00a0<\/span><\/p>\n<p class=\"MsoNormal\"><span>\u00a0<\/span><\/p>\n<p class=\"MsoNormal\"><span>\u00a0<\/span><\/p>\n<p> <span><br clear=\"all\" \/><\/span> <\/p>\n<p class=\"MsoNormal\"><span>\u00a0<\/span><\/p>\n<p align=\"center\" class=\"MsoNormal\"><span><\/span><span><\/span><\/p>\n<p class=\"MsoNormal\"><span>\u00a0<\/span><\/p>\n<p align=\"center\" class=\"MsoNormal\"><b><span>Foto 5. Relleno seco, manejo de las pacas en San Cristobal (Gal\u00e1pagos)<\/span><\/b><\/p>\n<p align=\"center\" class=\"MsoNormal\"><span>\u00a0<\/span><\/p>\n<p class=\"MsoNormal\"><b><span>7.4.5.1<span>\u00a0\u00a0\u00a0\u00a0\u00a0\u00a0\u00a0 <\/span>Riesgos ambientales<\/span><\/b><\/p>\n<p class=\"MsoNormal\"><b><span>\u00a0<\/span><\/b><\/p>\n<p class=\"MsoNormal\"><span>El proceso de compactaci\u00f3n origina escurrimientos de l\u00edquido, proveniente de la fracci\u00f3n org\u00e1nica de los residuos impropios presentes en los residuos clasificados en la fuente. La cantidad de los escurrimientos es variable y depende de la capacidad de la planta procesadora y la fracci\u00f3n org\u00e1nica en los residuos.<\/span><\/p>\n<p class=\"MsoNormal\"><span>\u00a0<\/span><\/p>\n<p class=\"MsoNormal\"><span>La composici\u00f3n de los escurrimientos est\u00e1 en funci\u00f3n de las caracter\u00edsticas y la humedad de los residuos procesados. Los escurrimientos se caracterizan por su alto grado de contaminaci\u00f3n org\u00e1nica (DQO, ortofosfatos, nitratos), elevada concentraci\u00f3n de s\u00f3lidos, cloruros, sulfatos, calcio, y metales pesados (hierro, plomo, zinc, cobre, cobalto, ars\u00e9nico, etc.), y alta carga de coliformes totales y fecales.<\/span><\/p>\n<p class=\"MsoNormal\"><span>\u00a0<\/span><\/p>\n<p class=\"MsoNormal\"><span>Los l\u00edquidos escurridos de las prensas se recolectan mediante la red de drenaje interior para ser evacuados a un tanque de almacenaje para su control y tratamiento posterior.<\/span><\/p>\n<p class=\"MsoNormal\"><span>\u00a0<\/span><\/p>\n<p class=\"MsoNormal\"><span>Como el \u00e1rea donde estar\u00e1n instaladas las prensas empacadoras est\u00e1 cerrada, se requiere de un sistema de ventilaci\u00f3n y contra incendio, as\u00ed como un sistema de agua para el lavado peri\u00f3dico de los equipos.<\/span><\/p>\n<p class=\"MsoNormal\"><span>\u00a0<\/span><\/p>\n<p class=\"MsoNormal\"><span>\u00a0<\/span><\/p>\n<p class=\"MsoNormal\"><span>\u00a0<\/span><\/p>\n<p class=\"MsoNormal\"><span>\u00a0<\/span><\/p>\n<p class=\"MsoNormal\"><span>\u00a0<\/span><\/p>\n<p class=\"MsoNormal\"><b><span>7.4.5.2<span>\u00a0\u00a0\u00a0\u00a0\u00a0\u00a0\u00a0 <\/span>Impacto sobre el relleno sanitario<\/span><\/b><\/p>\n<p class=\"MsoNormal\"><b><span>\u00a0<\/span><\/b><\/p>\n<p class=\"MsoNormal\"><span>Los impactos que se obtienen al empacar los residuos domiciliarios y\/o rechazos de los residuos s\u00f3lidos (material org\u00e1nico) son los siguientes:<\/span><\/p>\n<p class=\"MsoNormal\"><span>\u00a0<\/span><\/p>\n<ul>\n<li class=\"MsoNormalCxSpMiddle\"><span>La vida del relleno sanitario se extiende, coloc\u00e1ndose de aproximadamente 50 % mas de residuos en el mismo espacio que con el sistema convencional.<\/span><\/li>\n<li class=\"MsoNormalCxSpMiddle\"><span>Un relleno conformado con pacas (relleno seco) tiene menos problemas que uno convencional ante condiciones clim\u00e1ticas extremas (temporada de lluvias) debido al menor \u00e1rea abierta, expuesta a la lluvia.<\/span><\/li>\n<li class=\"MsoNormalCxSpMiddle\"><span>Se necesita menos material de cobertura (20 cm de tierra por capa de 5 pacas de altura), Frecuentemente solo se requiere cubrir la parte superior de la pila de pacas, dejando el frente descubierto.<\/span><\/li>\n<li class=\"MsoNormalCxSpMiddle\"><span>El frente de trabajo expuesto a la intemperie es m\u00e1s peque\u00f1o que en un relleno convencional, reduci\u00e9ndose as\u00ed los vectores de contaminaci\u00f3n, puesto que restringe el acceso de p\u00e1jaros, roedores, perros, etc. Se reduce la dispersi\u00f3n de residuos ligeros (papeles, pl\u00e1sticos) por el viento, y la apariencia de un relleno de pacas es m\u00e1s aceptable en comparaci\u00f3n con un relleno convencional.<\/span><\/li>\n<li class=\"MsoNormalCxSpMiddle\"><span>Elimina por completo la necesidad de maquinaria de compactaci\u00f3n en el relleno, permitiendo el manejo m\u00e1s flexible de las pacas; siguiendo la configuraci\u00f3n del relleno las pacas se pueden apilar, alcanzando hasta 5.5 m de altura por capa. La compactaci\u00f3n se realiza antes con equipo espec\u00edfico.<\/span><\/li>\n<li class=\"MsoNormalCxSpMiddle\"><span>Reduce el personal en el relleno, realizando las operaciones de descarga y acomodo de las pacas con una gr\u00faa, o carretilla elevadora manejada por un operador, pero tiene un personal adicional en la estaci\u00f3n de compactaci\u00f3n.<\/span><\/li>\n<li class=\"MsoNormalCxSpMiddle\"><span>Los problemas de hundimientos en los rellenos se reducen, por la mayor densidad y consistencia de las pacas.<\/span><\/li>\n<li class=\"MsoNormalCxSpMiddle\"><span>La consistencia de las pacas se caracteriza por la poca presencia de l\u00edquido y escaso oxigeno que da lugar a una fermentaci\u00f3n anaerobia. La tasa de generaci\u00f3n de gas y lixiviados es significativamente menor que en un relleno convencional, debido a la lenta descomposici\u00f3n bioqu\u00edmica de los residuos embalados en el relleno seco. A\u00fan que la cantidad es inferior en comparaci\u00f3n con los rellenos sanitarios tradicionales, el relleno seco igual requiere las instalaciones de captaci\u00f3n y tratamiento de lixiviados y del biogas.<\/span><\/li>\n<li class=\"MsoNormalCxSpMiddle\"><span>La carga org\u00e1nica y la concentraci\u00f3n de los s\u00f3lidos en el lixiviado es reducida, puesto que gran parte de los contaminantes se separan con los escurrimientos generados durante el comprimido de los residuos en la planta.<\/span><\/li>\n<li class=\"MsoNormalCxSpLast\"><span>Cabe mencionar que existe poca experiencia con esta tecnolog\u00eda a largo plazo y los tiempos de estabilizaci\u00f3n no son conocidos. Pero, es probable que la alta densidad de los residuos causa el retraso de los procesos de degradaci\u00f3n biol\u00f3gica, pudiendo alcanzar la descomposici\u00f3n completa (final) hasta 100 a\u00f1os. Esto significa que el tiempo de monitoreo de biog\u00e1s y de lixiviados de pos clausura probablemente es mucho m\u00e1s largo que en un relleno sanitario tradicional.<\/span><\/li>\n<\/ul>\n<p><b><span>7.4.5.3<span>\u00a0\u00a0\u00a0\u00a0\u00a0\u00a0\u00a0\u00a0\u00a0\u00a0\u00a0\u00a0 <\/span>Comportamiento de las balas plastificadas<\/span><\/b><\/p>\n<p><span>A continuaci\u00f3n se analizar\u00e1 el comportamiento de las balas compactadas y plastificadas desde el punto de vista f\u00edsico y biol\u00f3gico.<\/span><\/p>\n<p><span>\u00a0<\/span><\/p>\n<p><span>Los estudios de comportamiento m\u00e1s extensos hechos sobre la compactaci\u00f3n y embalado pl\u00e1stico de RSU han sido hechos por la Universidad de Lund <b><\/b>para BALA PRESS (Lund, Suecia), por DEKRA para RPP (Munich, Alemania) y recientemente la primera tesis doctoral a nivel mundial sobre este tema, realizada en el INSA de Lyon (Francia). Tambi\u00e9n se ha realizado un estudio, sobre el sistema de compactaci\u00f3n \u00fanicamente, efectuado por la Universidad de Cantabria para IMABE (Santander, Espa\u00f1a). La informaci\u00f3n aqu\u00ed analizada tiene su origen esencialmente en dichos estudios. <\/span><\/p>\n<p><span>\u00a0<\/span><\/p>\n<p><span>Todos estos estudios se han hecho exclusivamente sobre balas cil\u00edndricas, salvo el estudio de la Universidad de Cantabria. Aunque, muchos de sus resultados son extensibles a las balas rectangulares, ello no evita la necesidad de efectuar los ensayos correspondientes sobre las balas de tipo rectangular. <\/span><\/p>\n<p class=\"MsoNormal\"><span>\u00a0<\/span><\/p>\n<p> <span><br clear=\"all\" \/><\/span> <\/p>\n<p class=\"MsoNormal\"><span>\u00a0<\/span><\/p>\n<table cellpadding=\"0\" cellspacing=\"0\" border=\"1\" class=\"MsoNormalTable\">\n<tbody>\n<tr>\n<td colspan=\"2\">\n<p><b><span>CUADRO COMPARATIVO DEL COMPORTAMIENTO DE ACUERDO A LA FORMA DE LA BALA DE RESIDUOS.<\/span><\/b><\/p>\n<\/td>\n<\/tr>\n<tr>\n<td>\n<p><b><span>BALAS CIL\u00cdNDRICAS <\/span><\/b><b><span><\/span><\/b><\/p>\n<\/td>\n<td>\n<p><b><span>BALAS RECTANGULARES <\/span><\/b><span><\/span><\/p>\n<\/td>\n<\/tr>\n<tr>\n<td>\n<p><i><span>La orientaci\u00f3n circular evita procesos de ventilaci\u00f3n <\/span><\/i><span><\/span><\/p>\n<\/td>\n<td>\n<p><span>La orientaci\u00f3n rectangular provoca l\u00e1minas que crea canales de ventilaci\u00f3n <\/span><\/p>\n<\/td>\n<\/tr>\n<tr>\n<td>\n<p><span>Proceso de compactaci\u00f3n circular <\/span><\/p>\n<\/td>\n<td>\n<p><span>Proceso de compactaci\u00f3n longitudinal <\/span><\/p>\n<\/td>\n<\/tr>\n<tr>\n<td>\n<p><span>F\u00e1cil de apilar, hasta 9 capas <\/span><\/p>\n<\/td>\n<td>\n<p><i><span>Debido a su forma rectangular se pueden apilar muy bien <\/span><\/i><span><\/span><\/p>\n<\/td>\n<\/tr>\n<tr>\n<td>\n<p><i><span>Su forma circular favorece mejor el drenaje del agua <\/span><\/i><span><\/span><\/p>\n<\/td>\n<td>\n<p><span>Por su forma presentan una mayor superficie de contacto <\/span><\/p>\n<\/td>\n<\/tr>\n<tr>\n<td>\n<p><i><span>No genera l\u00edquidos de compactaci\u00f3n <\/span><\/i><span><\/span><\/p>\n<\/td>\n<td>\n<p><span>Si genera l\u00edquido de compactaci\u00f3n <\/span><\/p>\n<\/td>\n<\/tr>\n<tr>\n<td>\n<p><span>Mantiene la humedad del material com<i>pactado <\/i><\/span><\/p>\n<\/td>\n<td>\n<p><i><span>Disminuye la humedad del material compactado <\/span><\/i><span><\/span><\/p>\n<\/td>\n<\/tr>\n<tr>\n<td>\n<p><span>Operaci\u00f3n de compactado y plastificado integrado en una sola m\u00e1quina <\/span><\/p>\n<\/td>\n<td>\n<p><span>Operaci\u00f3n de compactado y plastificado secuencial en dos m\u00e1quinas <\/span><\/p>\n<\/td>\n<\/tr>\n<tr>\n<td>\n<p><span>Capacidad 12-15 t RSU\/h <\/span><\/p>\n<\/td>\n<td>\n<p class=\"MsoNormal\"><i><span>Capacidades mayores <b>36-40 <\/b>t RSU\/h y de <b>28-32 t <\/b>rechazo triaje\/hora <\/span><\/i><span><\/span><\/p>\n<\/td>\n<\/tr>\n<tr>\n<td>\n<p><span>Usan una red de pl\u00e1stico para sujetar el material <\/span><\/p>\n<\/td>\n<td>\n<p><span>Usan un fleje para sujetar el material, <br \/>este puede ser de pl\u00e1stico (poliester) o <br \/>met\u00e1lico (hierro) <\/span><\/p>\n<\/td>\n<\/tr>\n<tr>\n<td>\n<p><span>\u00cdndice aprovechamiento volumen: <i>\u00b19,5% <\/i>(respecto a un vertedero tradicional) <\/span><\/p>\n<\/td>\n<td>\n<p><i><span>\u00cdndice aprovechamiento volumen: <b>50% <\/b>(respecto a un vertedero tradicional) <\/span><\/i><span><\/span><\/p>\n<\/td>\n<\/tr>\n<tr>\n<td>\n<p><span>\u00cdndice de ocupaci\u00f3n del orden de 2,5 t\/m2 <\/span><\/p>\n<\/td>\n<td>\n<p><span>\u00cdndice de ocupaci\u00f3n del orden de 4 t\/m2 <\/span><\/p>\n<\/td>\n<\/tr>\n<\/tbody>\n<\/table>\n<p align=\"center\" class=\"MsoNormal\"><span>Tabla 12. Comparaci\u00f3n de propiedades de balas por forma<\/span><\/p>\n<p> <span><br clear=\"all\" \/><\/span> <\/p>\n<p class=\"MsoNormal\"><span>\u00a0<\/span><\/p>\n<table cellpadding=\"0\" cellspacing=\"0\" border=\"1\" class=\"MsoNormalTable\">\n<tbody>\n<tr>\n<td colspan=\"5\">\n<p><b><span>PROPIEDADES DE BALAS POR ORIGEN Y FORMA<\/span><\/b><\/p>\n<\/td>\n<\/tr>\n<tr>\n<td>\n<p><b><span>Tipo de prensa <\/span><\/b><\/p>\n<\/td>\n<td>\n<p><b><span>Caja cerrada <\/span><\/b><\/p>\n<\/td>\n<td width=\"94\">\n<p><b><span>Caja abierta <\/span><\/b><\/p>\n<\/td>\n<td width=\"85\">\n<p><b><span>Circular <\/span><\/b><\/p>\n<\/td>\n<td>\n<p><b><span>Circular <\/span><\/b><\/p>\n<\/td>\n<\/tr>\n<tr>\n<td>\n<p><span>Tipo de bala <\/span><\/p>\n<\/td>\n<td>\n<p><span>Rectangular <\/span><\/p>\n<\/td>\n<td width=\"94\">\n<p><span>Rectangular <\/span><\/p>\n<\/td>\n<td width=\"85\">\n<p><span>Cil\u00edndrica \u2014 <\/span><\/p>\n<\/td>\n<td>\n<p><span>Cil\u00edndrica <\/span><\/p>\n<\/td>\n<\/tr>\n<tr>\n<td>\n<p><span>Di\u00e1metro bala (m) Altura_(m) <\/span><\/p>\n<\/td>\n<td>\n<p class=\"MsoNormal\"><span>\u00a0<\/span><\/p>\n<\/td>\n<td width=\"94\">\n<p class=\"MsoNormal\"><span>\u00a0<\/span><\/p>\n<\/td>\n<td width=\"85\">\n<p><span>1,2 <\/span><\/p>\n<\/td>\n<td>\n<p><span>i,i8 <\/span><\/p>\n<\/td>\n<\/tr>\n<tr>\n<td>\n<p><span>Anchura (m) <\/span><\/p>\n<\/td>\n<td>\n<p><b><span>1,30 <\/span><\/b><span><\/span><\/p>\n<\/td>\n<td width=\"94\">\n<p><b><span>1,1 <\/span><\/b><span><\/span><\/p>\n<\/td>\n<td width=\"85\">\n<p class=\"MsoNormal\"><span>\u00a0<\/span><\/p>\n<\/td>\n<td>\n<p class=\"MsoNormal\"><span>\u00a0<\/span><\/p>\n<\/td>\n<\/tr>\n<tr>\n<td>\n<p><span>Longitud (m) <\/span><\/p>\n<\/td>\n<td>\n<p><span>1,18 <\/span><\/p>\n<\/td>\n<td width=\"94\">\n<p><b><span>2,0 <\/span><\/b><span><\/span><\/p>\n<\/td>\n<td width=\"85\">\n<p class=\"MsoNormal\"><span>\u00a0<\/span><\/p>\n<\/td>\n<td>\n<p class=\"MsoNormal\"><span>\u00a0<\/span><\/p>\n<\/td>\n<\/tr>\n<tr>\n<td>\n<p><span>Volumen (m3\/bala) Densidad basura (kg\/m3) <\/span><\/p>\n<\/td>\n<td>\n<p><b><i><span>1,73 <br \/><\/span><\/i><\/b><b><span>250-300 <\/span><\/b><span><\/span><\/p>\n<\/td>\n<td width=\"94\">\n<p><b><span>2,42 <br \/>250-300 <\/span><\/b><span><\/span><\/p>\n<\/td>\n<td width=\"85\">\n<p><b><span>1,36 <br \/>250-300 <\/span><\/b><span><\/span><\/p>\n<\/td>\n<td>\n<p><b><span>1,25 <br \/>250-300 <\/span><\/b><span><\/span><\/p>\n<\/td>\n<\/tr>\n<tr>\n<td>\n<p><span>Densidad de la bala (kg\/m3) <br \/>Peso de la bala (t\/bala) &#8211; <\/span><\/p>\n<\/td>\n<td>\n<p><span>1100<br \/><b>1,91 <\/b><\/span><\/p>\n<\/td>\n<td width=\"94\">\n<p><span>1100 <br \/><b>2,6 <\/b><\/span><\/p>\n<\/td>\n<td width=\"85\">\n<p><b><span>600-850 <br \/>1,1 <\/span><\/b><span><\/span><\/p>\n<\/td>\n<td>\n<p><span>\u2014800 <br \/><b>1,0 <\/b><\/span><\/p>\n<\/td>\n<\/tr>\n<tr>\n<td>\n<p><span>Densidad rechazo (kg\/m3) <\/span><\/p>\n<\/td>\n<td>\n<p><span>175 <\/span><\/p>\n<\/td>\n<td width=\"94\">\n<p><span>175 <\/span><\/p>\n<\/td>\n<td width=\"85\">\n<p><span>175 <\/span><\/p>\n<\/td>\n<td>\n<p><span>175 <\/span><\/p>\n<\/td>\n<\/tr>\n<tr>\n<td>\n<p><span>Humedad rechazo (%) <\/span><\/p>\n<\/td>\n<td>\n<p><b><span>20-40 <\/span><\/b><span><\/span><\/p>\n<\/td>\n<td width=\"94\">\n<p><b><span>20-40 <\/span><\/b><span><\/span><\/p>\n<\/td>\n<td width=\"85\">\n<p><b><span>20-40 <\/span><\/b><span><\/span><\/p>\n<\/td>\n<td>\n<p><b><span>20-40 <\/span><\/b><span><\/span><\/p>\n<\/td>\n<\/tr>\n<tr>\n<td>\n<p><span>Densidad de la bala (kg\/m3) <\/span><\/p>\n<\/td>\n<td>\n<p><span>800 <\/span><\/p>\n<\/td>\n<td width=\"94\">\n<p><span>800 <\/span><\/p>\n<\/td>\n<td width=\"85\">\n<p><b><span>440-520 <\/span><\/b><span><\/span><\/p>\n<\/td>\n<td>\n<p><b><span>\u2014500 <\/span><\/b><span><\/span><\/p>\n<\/td>\n<\/tr>\n<tr>\n<td>\n<p><span>Peso de la bala (t\/bala) <\/span><\/p>\n<\/td>\n<td>\n<p><span>1,38 <\/span><\/p>\n<\/td>\n<td width=\"94\">\n<p><b><span>1,94 <\/span><\/b><span><\/span><\/p>\n<\/td>\n<td width=\"85\">\n<p><b><span>0,7 <\/span><\/b><span><\/span><\/p>\n<\/td>\n<td>\n<p><span>0,63 <\/span><\/p>\n<\/td>\n<\/tr>\n<tr>\n<td>\n<p><span>Material de fleje de atado <\/span><\/p>\n<\/td>\n<td>\n<p><span>Poli\u00e9ster <\/span><\/p>\n<\/td>\n<td width=\"94\">\n<p><span>Alambre <br \/>de hierro <\/span><\/p>\n<\/td>\n<td width=\"85\">\n<p><span>Malla <br \/>de pl\u00e1stico <\/span><\/p>\n<\/td>\n<td>\n<p><span>Malla <br \/>de pl\u00e1stico <\/span><\/p>\n<\/td>\n<\/tr>\n<tr>\n<td>\n<p><span>L\u00e1mina pl\u00e1stica <br \/>PEBD) estirable <\/span><\/p>\n<\/td>\n<td>\n<p><span>L\u00e1mina pl\u00e1stica <br \/>(PEBD) estirable <\/span><\/p>\n<\/td>\n<td colspan=\"3\">\n<p><span>L\u00e1mina pl\u00e1stica L\u00e1mina pl\u00e1stica <br \/>(PEBD) estle(PEBD) estirable <\/span><\/p>\n<\/td>\n<\/tr>\n<tr>\n<td>\n<p><span>Trituraci\u00f3n previa <\/span><\/p>\n<\/td>\n<td>\n<p><span>no <\/span><\/p>\n<\/td>\n<td>\n<p><span>no <\/span><\/p>\n<\/td>\n<td colspan=\"2\">\n<p><span>no conveniente <\/span><\/p>\n<\/td>\n<\/tr>\n<\/tbody>\n<\/table>\n<p align=\"center\" class=\"MsoNormal\"><span>\u00a0<\/span><\/p>\n<p align=\"center\" class=\"MsoNormal\"><span>Tabla 13. Propiedades de balas por origen y forma<\/span><\/p>\n<p class=\"MsoNormal\"><span>\u00a0<\/span><\/p>\n<p> <span><br clear=\"all\" \/><\/span> <\/p>\n<p class=\"MsoNormal\"><span>\u00a0<\/span><\/p>\n<p><b><span>7.4.5.4<span>\u00a0\u00a0\u00a0\u00a0\u00a0\u00a0\u00a0 <\/span>Comportamiento biol\u00f3gico <\/span><\/b><\/p>\n<p><span>El residuo una vez compactado y embalado con pl\u00e1stico, tiene un determinado comportamiento, que lo diferencia sustancialmente de los procesos que tienen lugar en un vertedero tradicional, y en los tratamientos de RSU basados en procesos de fermentaci\u00f3n bien sea aerobia (compostaje) o anaerobia (biometanizaci\u00f3n).<\/span><\/p>\n<p><span>En las dos primeras fases, los compuestos org\u00e1nicos s\u00f3lidos y complejos son disueltos mediante hidr\u00f3lisis y transformados mediante las bacterias productoras de \u00e1cidos en otros m\u00e1s simples (\u00e1cido propi\u00f3nico, but\u00edrico, etc.). La hidr\u00f3lisis es causada por enzimas extracelulares producidas por las bacterias de fermentaci\u00f3n. Las bacterias descomponen las cadenas largas de carbohidratos complejos, prote\u00ednas y l\u00edpidos en partes m\u00e1s cortas. Por ejemplo, los polisac\u00e1ridos son convertidos en monosac\u00e1ridos. Las prote\u00ednas se convierten en peptidos y amino\u00e1cidos. La fase de hidr\u00f3lisis puede tener lugar tanto aerobicamente como anaerobicamente, ya que la flora bacteriana implicada es muy diversa los metabolitos intermedios son de la misma naturaleza.<\/span><\/p>\n<p><span>En la tercera etapa, el grupo de bacterias acetog\u00e9nicas, que se pueden desarrollar en condiciones \u00e1cidas, convierten los productos de la primera etapa en \u00e1cido ac\u00e9tico, CO2 e hidr\u00f3geno. Las bacterias act\u00faan reduciendo primero los compuestos de bajo peso molecular en alcoholes, \u00e1cidos org\u00e1nicos, amino\u00e1cidos, CO2, SH y trazas de metano. <\/span><\/p>\n<p><span>En la fase final el CH4 es producido por las bacterias metanog\u00e9nicas. Puede efectuarse por la conversi\u00f3n del \u00e1cido ac\u00e9tico en CH4 y CO2 o por las bacterias hidrogenof\u00edlicas que convierten el <b>H2 <\/b>y el CO2 en CH4. Estas bacterias metanog\u00e9nicas son muy sensibles a las condiciones ambientales, proceden de forma \u00f3ptima en un rango de pH comprendido entre 6,5 y 8, y se inhiben fuera de este rango. <\/span><\/p>\n<p><span>Ciertos factores puede distorsionar, retardando o acelerando el conjunto de reacciones bioqu\u00edmicas, afectando a la din\u00e1mica de este proceso. Variables tales como el pH, la temperatura, la humedad, son las m\u00e1s importantes. Otras variables que intervienen son los nutrientes, composici\u00f3n de los residuos, grado de trituraci\u00f3n o agregaci\u00f3n, etc.<\/span><\/p>\n<p><span>De los distintos estudios, se puede deducir que el comportamiento de balas de basura compactada y plastificada, se caracteriza por los siguientes elementos: <\/span><\/p>\n<p><span>1<b>. <\/b><\/span><span>Despu\u00e9s de embalado con pl\u00e1stico, el residuo queda protegido de la entrada de aire (ox\u00edgeno) y de agua. <\/span><\/p>\n<p><span>2.<b> <\/b><\/span><span>Primeramente, se desarrolla un proceso de fermentaci\u00f3n aerobio, de forma muy r\u00e1pida, que consume todo el ox\u00edgeno disponible en el interior de la bala, quedando al poco tiempo a nivel de trazas, que tiene como consecuencia l\u00f3gica producir CO2. La duraci\u00f3n de su producci\u00f3n, que depende de la cantidad de ox\u00edgeno presente en el interior de la bala embalada, es solo de algunos d\u00edas. Despu\u00e9s de alcanzar un m\u00e1ximo, que puede situarse alrededor del <b>30%, <\/b>se estabiliza posteriormente entre un <b>20-25%. <\/b><\/span><\/p>\n<p><span>3. <\/span><span>Como consecuencia de este proceso de fermentaci\u00f3n aerobia, la temperatura aumenta en unos grados en el interior de la bala plastificada en los primeros d\u00edas. Si el contenido de humedad es alto, limita el aumento de temperatura. Este incremento t\u00e9rmico provoca una cierta evaporaci\u00f3n del agua que puede escaparse hacia el exterior en forma de vapor de agua a trav\u00e9s de la l\u00e1mina. La temperatura interior de las balas plastificadas en el estudio realizado en Munich, en ning\u00fan momento fue superior a 40\u00b0C. Lo cual hace una reacci\u00f3n de auto inflamaci\u00f3n poco probable. <\/span><\/p>\n<p><span>4. Una vez consumido todo el ox\u00edgeno el proceso aerobio se para, y deber\u00eda comenzar a desarrollarse una fase anaerobia, pero s\u00f3lo aparecen trazas de CH4. <\/span><\/p>\n<p><span>5. La temperatura en el interior de la bala plastificada, despu\u00e9s del per\u00edodo inicial sigue esencialmente las variaciones de a temperatura del aire exterior. <\/span><\/p>\n<p><span>6. Las medidas de pH realizadas, despu\u00e9s de algunas semanas de almacenamiento, se encuentran en la zona ligeramente \u00e1cida (valores de 5-6 de pH). Ello tiene su explicaci\u00f3n ya que en la primera fase de descomposici\u00f3n se forman \u00e1cidos org\u00e1nicos. <\/span><\/p>\n<p><span>7. En la mayor\u00eda de ensayos efectuados con respecto a la emisi\u00f3n de gases desde las balas (>96%) no se detectaron compuestos org\u00e1nicos, y los valores detectados fueron muy bajos. <\/span><\/p>\n<p><span>8. Las medidas efectuadas de p\u00e9rdida de masa indican una p\u00e9rdida de masa media de <i>+<\/i><b><span>1 &#8211; <\/span><span>30 <\/span><\/b>kg en fardos de 850 kg, que se corresponde con un 3,5 % de la masa de la bala plastificada. <\/span><\/p>\n<p><span>Las razones por las que el proceso de fermentaci\u00f3n anaer\u00f3bico no tiene lugar son:<\/span><\/p>\n<p><span>\u2022 Se produce un ambiente en el interior de la bala plastificada demasiado \u00e1cido para que los microorganismos puedan desarrollarse.<\/span><\/p>\n<p><span>\u2022 Las bacterias metag\u00e9nicas necesitan trabajar conjuntamente con las bacterias acidog\u00e9nicas y acetog\u00e9nicas para poder degradar. <\/span><\/p>\n<p><span>\u2022 El contenido de agua debido probablemente a la evaporaci\u00f3n y\/o compactaci\u00f3n no es suficiente para soportar el metabolismo bacteriano.<\/span><\/p>\n<p><span>\u2022 El contenido de humedad o de agua es de gran importancia para los microorganismo ya que el proceso tiene lugar principalmente en fase l\u00edquida En caso de un contenido de humedad demasiado peque\u00f1o (en general inferior al <b>20-30%), <\/b>la actividad microbiana disminuye dr\u00e1sticamente. <\/span><\/p>\n<p><span>De los distintos resultados obtenidos se puede concluir que el material en el interior de las balas, teniendo en consideraci\u00f3n si se trata de basura cl\u00e1sica o de rechazo de triaje, se encuentra en unas condiciones anaer\u00f3bicas sin producci\u00f3n de metano, en una fase \u00e1cido no-metanog\u00e9nica, con una elevada concentraci\u00f3n de CO2. La tendencia de la temperatura en el interior de las balas es muy similar a la temperatura del exterior con una diferencia de alrededor de 4\u00b0C, crey\u00e9ndose que la oxidaci\u00f3n y las reacciones biol\u00f3gicas han sido interrumpidas. <\/span><\/p>\n<p><span>Del an\u00e1lisis del comportamiento biol\u00f3gico de las balas plastificadas, basados en dos estudios con una duraci\u00f3n inferior a un a\u00f1o y uno con una duraci\u00f3n de tres a\u00f1os, con seguimiento sistem\u00e1tico del comportamiento, permiten deducir que esta forma de almacenaje reduce considerablemente la evoluci\u00f3n biol\u00f3gica de las basuras embaladas.<\/span><\/p>\n<p><span>Este sistema implica unas condiciones de embalaje de un medio confinado no saturado en agua y sin contacto con el aire, sin circulaci\u00f3n de l\u00edquidos.<\/span><\/p>\n<p><span>Todo parece indicar que el contenido de materia org\u00e1nica fermentable (MOF) y la humedad no tienen un efecto significativo sobre la degradaci\u00f3n. La biodegradaci\u00f3n es cuasi nula. Los resultados se\u00f1alan que la principal causa de esta ausencia es la acidificaci\u00f3n r\u00e1pida que se produce, debida a la actividad de las bacterias hidrol\u00edticas y acidog\u00e9nicas capaces de provocar una fermentaci\u00f3n de la MOF en los primeros momentos con el agotamiento del ox\u00edgeno existente en la bala compactada y plastificada.<\/span><\/p>\n<p><span>Esta actividad bacteriana consume r\u00e1pidamente el ox\u00edgeno inicialmente presente en cantidad restringida, provocando la fermentaci\u00f3n aerobia de una cantidad limitada del residuo embalado para, a continuaci\u00f3n, instalarse unas condiciones an\u00f3xicas. En estas condiciones las bacterias anaer\u00f3bicas facultativas liberan en el medio los \u00e1cidos carbox\u00edlicos que no pueden ser degradados correctamente por las bacterias acetog\u00e9nicas o metanog\u00e9nicas que pueden estar inhibidas por el limitado contenido residual de ox\u00edgeno. Provocando r\u00e1pidamente una acumulaci\u00f3n de \u00e1cidos, que limita la biodegradaci\u00f3n subsiguiente y la estabilidad del material embalado.<\/span><\/p>\n<p><span>La acumulaci\u00f3n de estos \u00e1cidos puede explicarse por la ausencia de su volatilaci\u00f3n y por la ausencia de l\u00edquido circulante de una forma importante. <\/span><\/p>\n<p><span>Todo lleva a concluir que la fermentaci\u00f3n bacteriana (aerobia o anaerobia) de a fracci\u00f3n MOF de las basuras es muy limitada cuando se encuentran compactadas y embaladas en una l\u00e1mina de pl\u00e1stico. <\/span><\/p>\n<p><b><span>7.4.5.5.<span>\u00a0\u00a0\u00a0\u00a0\u00a0\u00a0 <\/span>Comportamiento f\u00edsico<span style=\"text-decoration: underline;\"> <\/span><\/span><\/b><\/p>\n<p><span>Tambi\u00e9n se han evaluado una serie de caracter\u00edsticas f\u00edsicas las balas plastificadas, al objeto de verificar el comportamiento de las mismas con respecto a su resistencia en el caso de ca\u00edda desde altura determinada, la tracci\u00f3n de la l\u00e1mina de pl\u00e1stico envejecida, a pro d comprensi\u00f3n (capacidad de soporte de peso), ensayo mediante lavado continuo con agua, ensayo a la combusti\u00f3n, etc. En t\u00e9rminos generales, los resultados obtenidos de los diversos ensayos realizados, pueden considerarse satisfactorios.<\/span><\/p>\n<p><b><span>7.4.5.6<span>\u00a0\u00a0\u00a0\u00a0\u00a0\u00a0\u00a0 <\/span>Beneficios del uso de balas plastificadas para los RSU.<\/span><\/b><\/p>\n<p><span>Este sistema asegura unas emisiones a efectos pr\u00e1cticos nulas tanto en la emisi\u00f3n de gases como en la generaci\u00f3n de lixiviados, una vez las balas plastificadas han sido depositadas en un vertedero donde se le aplican los actuales conceptos de dise\u00f1o y control.<\/span><\/p>\n<p><span>El sistema de balas rectangulares al alcanzar una densidad mayor de compactaci\u00f3n, presenta a la vez una ventaja y una desventaja, especialmente en el caso de basura tradicional. Cosa que no sucede con el sistema de compactaci\u00f3n de las balas cil\u00edndricas, ya que al compactar m\u00e1s se genera un l\u00edquido de compactaci\u00f3n, con lo cual se provoca un efecto positivo de deshidrataci\u00f3n del material disminuyendo de esta forma la potencial generaci\u00f3n de lixiviados. Sin embargo, provoca el inconveniente de la necesidad de acondicionar dicho L\u00edquido de compactaci\u00f3n. <\/span><\/p>\n<p><span>La producci\u00f3n de este l\u00edquido de compactaci\u00f3n es variable y depende fuertemente de la composici\u00f3n y, adem\u00e1s, aumenta con la humedad del residuo a compactar. En este contexto, la producci\u00f3n de l\u00edquido de compactaci\u00f3n ser\u00e1 Bastante menor en la compactaci\u00f3n de rechazos de una planta de triaje que en la compactaci\u00f3n de una basura tradicional.<\/span><\/p>\n<p><span>Presenta muchos menos problemas potenciales que un vertedero convencional ente a las condiciones ambientales, tanto para situaciones extremas (lluvias dispersas, p.e.), como para las situaciones normales o t\u00edpicas. <\/span><\/p>\n<p><span>Se elimina la dispersi\u00f3n de residuos ligeros (pl\u00e1sticos, papeles) por el viento. Al proceder a un proceso de compactaci\u00f3n primeramente se evitan os efectos de los vientos fuertes sobre la basura. Elimina totalmente los factores de impacto visual de un vertedero convencional.<\/span><\/p>\n<p><span>Los problemas de subsidencia deber\u00edan disminuir por la mayor densidad y consistencia de las balas. No obstante, en el caso de las balas plastificadas las cuestiones de estabilidad mec\u00e1nica en funci\u00f3n del n\u00famero de capas de balas debe tenerse en seria consideraci\u00f3n.<\/span><\/p>\n<p><span>Se evitan los cl\u00e1sicos vectores de contaminaci\u00f3n de los vertederos de RSU tradicionales, puesto que a los p\u00e1jaros, ratas, perros, les resulta pr\u00e1cticamente imposible el acceso a la basura. As\u00ed como tambi\u00e9n las combustiones espont\u00e1neas. <\/span><\/p>\n<p><span>Las caracter\u00edsticas del material embalado simplifica tambi\u00e9n las operaciones de transporte en el interior del centro de gesti\u00f3n. Tambi\u00e9n se reducen las necesidades de maquinaria pesada en el interior del dep\u00f3sito de seguridad, las balas se manipulan mediante una carretilla telesc\u00f3pica (se eliminan las \u201cpatas de cabra\u201d de compactaci\u00f3n). El m\u00e1stil telesc\u00f3pico permite el apilado en capas. Una pinza especial hidr\u00e1ulica permite el manipulado de las balas con seguridad y sin da\u00f1ar la l\u00e1mina de pl\u00e1stico.<\/span><\/p>\n<p><b><span>7.4.5.7<span>\u00a0\u00a0\u00a0\u00a0\u00a0\u00a0\u00a0 <\/span>Ventajas que ofrece el sistema de compactaci\u00f3n y plastificado de rsu <\/span><\/b><\/p>\n<ul>\n<li><span><\/span><span>Reducci\u00f3n significativa de los olores <\/span><\/li>\n<li><span><\/span><span>Menor necesidad de volumen<\/span><\/li>\n<li><span><\/span><span>Bloqueo de los procesos de fermentaci\u00f3n.<\/span><\/li>\n<li><span><\/span><span>No se emiten gases de fermentaci\u00f3n <\/span><\/li>\n<li><span><\/span><span>No se producen lixiviados <\/span><\/li>\n<li><span><\/span><span>Transporte de RSU m\u00e1s limpio, c\u00f3modo y barato <\/span><\/li>\n<li><span><\/span><span>Menor riesgo de incendios <\/span><\/li>\n<li><span><\/span><span>Se evita el esparcido de pl\u00e1sticos, papeles, etc. <\/span><\/li>\n<li><span><\/span><span>Facilidad de manipulaci\u00f3n.<\/span><\/li>\n<li><span><\/span><span>Facilidad de almacenamiento.<\/span><\/li>\n<li><span><\/span><span>Almacenamiento limpio.<\/span><\/li>\n<li><span><\/span><span>Preservaci\u00f3n de las propiedades de los materiales embalados <\/span><\/li>\n<\/ul>\n<p> <span><br clear=\"all\" \/><\/span> <\/p>\n<p><span>\u00a0<\/span><\/p>\n<ol>\n<li><b><\/b><\/li>\n<\/ol>\n<p class=\"MsoNormal\"><span><span>\u00a0<\/span><\/span><\/p>\n<p><strong><span><span><span>8.1<span>\u00a0\u00a0\u00a0 <\/span>SISTEMA DE IMPERMEABILIZACI\u00d3N<\/span><\/span><\/span><span><span> Y DRENAJE<\/span><\/span><span>.<\/span><\/strong><\/p>\n<p class=\"MsoNormal\"><span>\u00a0<\/span><\/p>\n<p class=\"MsoNormal\"><span>Para evitar la acci\u00f3n f\u00edsica, qu\u00edmica y bacteriol\u00f3gica de los contaminantes contenidos en los l\u00edquidos lixiviados, se prever\u00e1 la impermeabilizaci\u00f3n del fondo del relleno sanitario mediante el uso de una capa de geomembrana de PVC de 1,0mm de espesor, la misma que se considera adecuada ya que se utiliza como seguridad y sobre la cual se colocar\u00e1 una capa de 10 cm de arena o graba del sector, esto se da por recomendaci\u00f3n para protecci\u00f3n de la geomembrana.<\/span><\/p>\n<p class=\"MsoNormal\"><span>\u00a0<\/span><\/p>\n<p class=\"MsoNormal\"><span>Se instalar\u00e1n como parte de esta estructura los drenajes en esquema de espina de pescado para captar los l\u00edquidos lixiviados. El sistema de drenaje constar\u00e1 del filtro conformado por piedra o grava, y de los conductos conformados por tuber\u00edas de PVC. El filtro es esencial para mantener la eficiencia del dren y para impedir taponamientos de los ductos.<\/span><\/p>\n<p class=\"MsoNormal\"><span>\u00a0<\/span><\/p>\n<p class=\"MsoNormal\"><span>El filtro debe ser suficientemente permeable para permitir el flujo de lixiviado dentro del dren con poca p\u00e9rdida de carga.<\/span><\/p>\n<p class=\"MsoNormal\"><span>\u00a0<\/span><\/p>\n<p class=\"MsoNormal\"><span>Por lo mencionado, el filtro estar\u00e1 constituido de material granular de di\u00e1metro entre 3 y 7cm., consistente en piedra sin filos previa a la colocaci\u00f3n en el lecho del dren. Para evitar el ingreso de material fino arrastrado por el lixiviado se deber\u00e1 recubrir el dren con geotextil.<\/span><\/p>\n<p class=\"MsoNormal\"><span>\u00a0<\/span><\/p>\n<p class=\"MsoNormal\"><span>Con el fin de captar el lixiviado producido, el relleno estar\u00e1 dotado de drenes cuyo dimensionamiento est\u00e1 en funci\u00f3n de la cantidad de lixiviado producido, por lo que para su c\u00e1lculo se utiliza el m\u00e9todo Suizo basado en la siguiente f\u00f3rmula:<\/span><\/p>\n<p class=\"MsoNormal\"><span>\u00a0<\/span><\/p>\n<p align=\"center\" class=\"MsoNormal\"><i><span>Q = I * A * K\/t<\/span><\/i><\/p>\n<p align=\"center\" class=\"MsoNormal\"><i><span>\u00a0<\/span><\/i><\/p>\n<p align=\"center\" class=\"MsoNormal\"><i><span>\u00a0<\/span><\/i><\/p>\n<ol style=\"list-style-type: upper-alpha;\">\n<li><\/li>\n<li><\/li>\n<li><\/li>\n<li><span>P=Precipitaci\u00f3n media anual mm. <\/span>\n<ol style=\"list-style-type: upper-alpha;\">\n<li><span>A=\u00c1rea requerida para el relleno en m<sup>2 <\/sup>. El \u00e1rea de operaci\u00f3n del relleno es de 0.6 Ha.<\/span>\n<ol style=\"list-style-type: upper-alpha;\">\n<li><\/li>\n<li><span>T=N\u00famero de segundos del a\u00f1o<\/span><\/li>\n<\/ol>\n<\/li>\n<\/ol>\n<\/li>\n<\/ol>\n<p class=\"MsoNormal\"><span>\u00a0<\/span><\/p>\n<p class=\"MsoNormal\"><span>Con los valores especificados el caudal calculado es 1,25 m3\/d\u00eda .<\/span><\/p>\n<p class=\"MsoNormal\"><span>\u00a0<\/span><\/p>\n<p class=\"MsoNormal\"><span>Para dimensionar el sistema de drenaje, se puede basar en dise\u00f1o en la ecuaci\u00f3n presentada por Akg\u00fcn (1997):<\/span><\/p>\n<p align=\"center\" class=\"MsoNormal\"><span><\/span><span><\/span><\/p>\n<p class=\"MsoNormal\"><span>Donde:<br \/><i>Q =<\/i> Flujo a trav\u00e9s del drenaje (m<sup>3<\/sup>\/s)<\/span><\/p>\n<p class=\"MsoNormal\"><i><span>i <\/span><\/i><span>= gradiente del sistema<\/span><\/p>\n<p class=\"MsoNormal\"><i><span>B<\/span><\/i><span> = ancho del carril frente del flujo (m)<\/span><\/p>\n<p class=\"MsoNormal\"><i><span>T<\/span><\/i><span> = Transmisividad de la capa de drenaje (m<sup>2<\/sup>\/s)<\/span><\/p>\n<p class=\"MsoNormal\"><span>\u00a0<\/span><\/p>\n<p class=\"MsoNormal\"><span>Este \u00faltimo factor se lo determina de la siguiente manera:<\/span><\/p>\n<p align=\"center\" class=\"MsoNormal\"><span><\/span><span><\/span><\/p>\n<p class=\"MsoNormal\"><span>Donde:<br \/><i>k =<\/i> conductividad hidr\u00e1ulica de la capa de drenaje (m\/s)<\/span><\/p>\n<p class=\"MsoNormal\"><i><span>t <\/span><\/i><span>= alto de la capa de drenaje (m)<\/span><\/p>\n<p class=\"MsoNormal\"><span>\u00a0<\/span><\/p>\n<p class=\"MsoNormal\"><span>Los siguientes datos son obtenidos de dicho c\u00e1lculo:<\/span><\/p>\n<p class=\"MsoNormal\"><span>\u00a0<\/span><\/p>\n<ol style=\"list-style-type: upper-alpha;\">\n<li><span>Qi= 5.098E-08 m3\/sg Caudal por unidad de \u00e1rea del relleno.<\/span><\/li>\n<li><span>i= 0,02 peniente m\u00ednima.<\/span><\/li>\n<li><span>K= 1.00E-02 aproximado para el tama\u00f1o de piedra escogido.<\/span><\/li>\n<li><span>B= 0,20 m ancho m\u00ednimo del carril de flujo<\/span><\/li>\n<li><span>T= 1.193E-03 m2\/sg Despejado de las ecuaciones citadas.<\/span><\/li>\n<li><span>T= 0,15 m Ancho m\u00ednimo de la capa de drenaje.<\/span><\/li>\n<\/ol>\n<p class=\"MsoNormal\"><span>\u00a0<\/span><\/p>\n<p class=\"MsoNormal\"><span>Por proceso constructivo, as\u00ed como considerando que dicha capa de drenaje est\u00e1 sujeta a crecimiento de una capa biol\u00f3gica en su superficie y al taponamiento, se escoge un ancho m\u00ednimo de 0.40 m y un canal rectangular de 0,4 *0,6 m.<\/span><\/p>\n<p class=\"MsoNormal\"><span>\u00a0<\/span><\/p>\n<p class=\"MsoNormal\"><span>Dada la geometr\u00eda de la plataforma, as\u00ed como el espacio disponible y de contar con un colector en forma de espina de pescado resulta conveniente realizar el sistema de drenaje en forma de espina de pescado y con ramales que est\u00e1n ubicados cada 5 m, los cuales se dirigir\u00e1n hacia un pozo de revisi\u00f3n desde el cual ser\u00e1n transportados por gravedad hasta la unidad de tratamiento. <\/span><\/p>\n<p class=\"MsoNormal\"><span>\u00a0<\/span><\/p>\n<p class=\"MsoNormal\"><span>El sistema de drenaje para un relleno sanitario consta de tres elementos: el filtro, el conducto y el sistema de eliminaci\u00f3n. El filtro, que en este caso es la capa de drenaje, es esencial para mantener la eficiencia del dren y para impedir la erosi\u00f3n por filtraci\u00f3n cuando el gradiente hidr\u00e1ulico es alto.<\/span><\/p>\n<p class=\"MsoNormal\"><span>\u00a0<\/span><\/p>\n<p class=\"MsoNormal\"><span>El filtro debe ser suficientemente permeable para permitir el flujo de lixiviado dentro del dren, con poca p\u00e9rdida de carga y para corregir cualquier p\u00e9rdida por taponamiento.<\/span><\/p>\n<p class=\"MsoNormal\"><span>\u00a0<\/span><\/p>\n<p class=\"MsoNormal\"><span>El filtro es esencial para mantener la eficiencia del dren y para impedir taponamientos de los ductos. Por esta raz\u00f3n, una opci\u00f3n v\u00e1lida para la construcci\u00f3n de filtros es el uso de material granular de di\u00e1metro entre 3 y 7 cm., consistente en piedra sin filos (imprescindible para evitar punzonamiento en la geomembrana).<\/span><\/p>\n<p class=\"MsoNormal\"><span>\u00a0<\/span><\/p>\n<p class=\"MsoNormal\"><span>\u00a0<\/span><\/p>\n<p class=\"MsoNormal\"><span>\u00a0<\/span><\/p>\n<p class=\"MsoNormal\"><span>\u00a0<\/span><\/p>\n<p><strong><span>8.2<span>\u00a0\u00a0\u00a0\u00a0\u00a0\u00a0\u00a0 <\/span>TRATAMIENTO DE LIXIVIADOS<\/span><span><\/span><span><\/span><\/strong><\/p>\n<p class=\"MsoNormal\"><span>\u00a0<\/span><\/p>\n<p class=\"MsoBodyText\"><span>Una vez que se ha procedido a establecer un sistema de recolecci\u00f3n de los lixiviados que se generan en el centro de gesti\u00f3n tanto en el relleno sanitario como en el \u00e1rea de prensado, estos deben ser conducidos a un sistema de almacenamiento con el fin de acopiarlo y posteriormente trasladarlo hasta el punto de tratamiento ubicado en las lagunas de estabilizaci\u00f3n de propiedad de la empresas p\u00fablica de alcantarillado de la ciudad de Cuenca.<\/span><\/p>\n<p class=\"MsoBodyText\"><span>\u00a0<\/span><\/p>\n<p class=\"MsoNormal\"><span>Las principales caracter\u00edsticas que tiene el lixiviado se presentan en el siguiente cuadro:<\/span><\/p>\n<p class=\"MsoNormal\"><span>\u00a0<\/span><\/p>\n<p class=\"MsoNormal\"><span>\u00a0<\/span><\/p>\n<p class=\"MsoNormal\"><b><span>\u00a0<\/span><\/b><\/p>\n<p class=\"MsoNormal\"><b><span><\/span><\/b><b><span><\/span><\/b><\/p>\n<p class=\"MsoNormal\"><b><span>\u00a0<\/span><\/b><\/p>\n<p align=\"center\" class=\"MsoNormal\"><span>Tabla 14. Caracter\u00edsticas del l\u00edquido lixiviado<\/span><\/p>\n<p class=\"MsoNormal\"><b><span>\u00a0<\/span><\/b><\/p>\n<p class=\"MsoNormal\"><b><span>Fuente:<span>\u00a0\u00a0\u00a0\u00a0\u00a0\u00a0 <\/span><\/span><\/b><span>Dise\u00f1o, Construcci\u00f3n, Operaci\u00f3n y Cierre de Rellenos Sanitarios Municipales. Eva R\u00f6ben DED\/ Loja, Ecuador 2002<\/span><span><\/span><\/p>\n<p class=\"MsoBodyText\"><span>\u00a0<\/span><\/p>\n<p class=\"MsoBodyText\"><span>Para el caso del centro de gesti\u00f3n de la MMAICP-EP las unidades de tratamiento consideradas son:<\/span><\/p>\n<ul>\n<li><span><\/span><span>Caja de llegada de los lixiviados que servir\u00e1 tambi\u00e9n como caj\u00f3n de derivaci\u00f3n y aliviadero de crecidas<\/span><\/li>\n<\/ul>\n<p class=\"MsoNormal\"><span>\u00a0<\/span><\/p>\n<ul>\n<li><span><\/span><span>Dos tanque de Hormig\u00f3n armado de 15m3 cada uno para el almacenamiento de los lixiviados<\/span><\/li>\n<\/ul>\n<p class=\"MsoNormal\"><span>\u00a0<\/span><\/p>\n<ul>\n<li><span><\/span><span>Balsa de almacenamiento que permitir\u00e1 en caso de crecientes extraordinarias captar los lixiviados que en eventualmente pudieran derramarse de los tanques de almacenamiento.<\/span><\/li>\n<\/ul>\n<p class=\"MsoNormal\"><span>\u00a0<\/span><\/p>\n<p class=\"MsoNormal\"><span>\u00a0<\/span><\/p>\n<ul>\n<li><span><\/span><span>El sistema de almacenamiento de lixiviados servir\u00e1 adem\u00e1s para tratar los l\u00edquidos producidos tanto en el compostaje como en el prensado de rechazos los cuales son colectados en las respectivas naves y conducidos por una sola l\u00ednea hasta las unidades de almacenamiento junto con los lixiviados producidos en el vaso de vertido<\/span><\/li>\n<\/ul>\n<p class=\"MsoNormal\"><span>.<\/span><\/p>\n<p><strong><span>8.2.1 <span>Dimensionamiento del Tratamiento de Lixiviados<\/span><\/span><\/strong><\/p>\n<p class=\"MsoNormal\"><span>\u00a0<\/span><\/p>\n<p class=\"MsoNormal\"><span>En el cuadro que se encuentra a continuaci\u00f3n se presenta el proceso de dimensionamiento de cada componente del sistema, en base a los tiempos de detenci\u00f3n requeridos para disminuir la carga org\u00e1nica de los l\u00edquidos lixiviados.<\/span><\/p>\n<p class=\"MsoNormal\"><span>\u00a0<\/span><\/p>\n<table width=\"567\" cellpadding=\"0\" cellspacing=\"0\" border=\"0\" class=\"MsoNormalTable\">\n<tbody>\n<tr>\n<td width=\"298\" valign=\"top\">\n<p class=\"MsoNormal\"><b><span>Tanques de almacenamiento<\/span><\/b><\/p>\n<\/td>\n<td width=\"76\" valign=\"top\">\n<p class=\"MsoNormal\"><b><span>\u00a0<\/span><\/b><\/p>\n<\/td>\n<td width=\"193\" valign=\"top\">\n<p class=\"MsoNormal\"><b><span>\u00a0<\/span><\/b><\/p>\n<\/td>\n<\/tr>\n<tr>\n<td width=\"298\" valign=\"top\">\n<p class=\"MsoNormal\"><span>Tiempo de retenci\u00f3n =<\/span><\/p>\n<\/td>\n<td width=\"76\" valign=\"top\">\n<p class=\"MsoNormal\"><span>7<\/span><\/p>\n<\/td>\n<td width=\"193\" valign=\"top\">\n<p class=\"MsoNormal\"><span>D\u00eda<\/span><\/p>\n<\/td>\n<\/tr>\n<tr>\n<td width=\"298\" valign=\"top\">\n<p class=\"MsoNormal\"><span>Volumen requerido diario=<\/span><\/p>\n<\/td>\n<td width=\"76\" valign=\"top\">\n<p class=\"MsoNormal\"><span>1,25<\/span><\/p>\n<\/td>\n<td width=\"193\" valign=\"top\">\n<p class=\"MsoNormal\"><span>m<sup>3<\/sup>\/d\u00eda<sup><\/sup><\/span><\/p>\n<\/td>\n<\/tr>\n<tr>\n<td width=\"298\" valign=\"top\">\n<p class=\"MsoNormal\"><span>Volumen requerido total=<\/span><\/p>\n<\/td>\n<td width=\"76\" valign=\"top\">\n<p class=\"MsoNormal\"><span>8,75<\/span><\/p>\n<\/td>\n<td width=\"193\" valign=\"top\">\n<p class=\"MsoNormal\"><span>m<sup>3<\/sup><\/span><\/p>\n<\/td>\n<\/tr>\n<tr>\n<td colspan=\"3\" width=\"567\" valign=\"top\">\n<p class=\"MsoNormal\"><b><span>BALSA DE CRECIENTES DE LIXIVIADOS Y EVAPORACI\u00d3N<\/span><\/b><\/p>\n<\/td>\n<\/tr>\n<tr>\n<td width=\"298\" valign=\"top\">\n<p class=\"MsoNormal\"><span>VOLUMEN DE ALMACENAMIENTO =<\/span><\/p>\n<\/td>\n<td width=\"76\" valign=\"top\">\n<p class=\"MsoNormal\"><span>1<\/span><\/p>\n<\/td>\n<td width=\"193\" valign=\"top\">\n<p class=\"MsoNormal\"><span>DOS TANQUES MAS 200% DE CRECIENTE<\/span><\/p>\n<\/td>\n<\/tr>\n<tr>\n<td width=\"298\" valign=\"top\">\n<p class=\"MsoNormal\"><span>Volumen requerido =<\/span><\/p>\n<\/td>\n<td width=\"76\" valign=\"top\">\n<p class=\"MsoNormal\"><span>15*2*4 = <\/span><\/p>\n<\/td>\n<td width=\"193\" valign=\"top\">\n<p class=\"MsoNormal\"><span>120 m<sup>3<\/sup><\/span><\/p>\n<\/td>\n<\/tr>\n<tr>\n<td width=\"298\" valign=\"top\">\n<p class=\"MsoNormal\"><span>Area =<\/span><\/p>\n<\/td>\n<td width=\"76\" valign=\"top\">\n<p class=\"MsoNormal\"><span>12*5<\/span><\/p>\n<\/td>\n<td width=\"193\" valign=\"top\">\n<p class=\"MsoNormal\"><span>60 m2<\/span><\/p>\n<\/td>\n<\/tr>\n<tr>\n<td width=\"298\" valign=\"top\">\n<p class=\"MsoNormal\"><span>Profundidad =<\/span><\/p>\n<\/td>\n<td width=\"76\" valign=\"top\">\n<p class=\"MsoNormal\"><span>2<\/span><\/p>\n<\/td>\n<td width=\"193\" valign=\"top\">\n<p class=\"MsoNormal\"><span>m<\/span><\/p>\n<\/td>\n<\/tr>\n<\/tbody>\n<\/table>\n<p class=\"MsoNormal\"><span>Tabla 15. Resumen de dimensionamiento de tratamiento<\/span><\/p>\n<p class=\"MsoNormal\"><b><span>Elaboraci\u00f3n:<\/span><\/b><span> Equipo Consultor<\/span><\/p>\n<p class=\"MsoNormal\"><span>\u00a0<\/span><\/p>\n<p class=\"MsoBodyText\"><span>\u00a0<\/span><\/p>\n<p class=\"MsoBodyText\"><span>Para el dise\u00f1o se tom\u00f3 como referencia las Normas Brasile\u00f1as NBR 7229\/193, y se adopt\u00f3 el par\u00e1metro de dise\u00f1o del Per\u00edodo de Retenci\u00f3n de 48 horas.<\/span><\/p>\n<p class=\"MsoNormal\"><span>\u00a0<\/span><\/p>\n<p class=\"MsoBodyText\"><span>La balsa de lixiviados est\u00e1 compuesta por una excavaci\u00f3n sobre un \u00e1rea de sesenta metros cuadrados y una profundidad de 2 metros la cual ser\u00e1 impermeabilizada con geomembrana de PVC de 1000 micras.<\/span><\/p>\n<p class=\"MsoBodyText\"><span>\u00a0<\/span><\/p>\n<p class=\"MsoNormal\"><span>\u00a0<\/span><\/p>\n<p class=\"MsoNormal\"><span>\u00a0<\/span><\/p>\n<p><strong><span><span>8.3<span>\u00a0\u00a0\u00a0 <\/span><\/span><\/span><span>DISPOSICI\u00d3N DIARIA DE BLOQUES<\/span><span><\/span><\/strong><\/p>\n<p class=\"MsoNormal\"><span>\u00a0<\/span><\/p>\n<p class=\"MsoNormal\"><span>Diariamente los bloques de residuos que son producidos en las prensas ubicadas en la zona de reciclaje deben ser dispuestos de manera ordenada formando filas consecutivas desde la parte m\u00e1s interna del relleno avanzando hacia la entrada principal, para el transporte maniobra y acomodo de las pacas se contar\u00e1 con la ayuda de una minicargadora frontal equipada con una orquilla para el transporte.<\/span><\/p>\n<p class=\"MsoNormal\"><span>\u00a0<\/span><\/p>\n<p class=\"MsoNormal\"><span>La altura de carga de la mini cargadora facilita la maniobra sin mayores problemas hasta una altura de tres metros, altura a la cual se puede colocar las pacas por lo cual se recomienda la conformaci\u00f3n de filas consecutivas hasta ese l\u00edmite.<\/span><\/p>\n<p class=\"MsoNormal\"><span>\u00a0<\/span><\/p>\n<p class=\"MsoNormal\"><span>Para la operaci\u00f3n diaria se consider\u00f3 la generaci\u00f3n que promedio de 35 Ton\/d\u00eda en el primer a\u00f1o y 12 Ton\/d\u00eda en los siguientes a\u00f1os considerando la recuperaci\u00f3n que se realizar\u00e1 mediante la clasificaci\u00f3n domiciliaria y el aprovechamiento de reciclables tanto org\u00e1nicos como inorg\u00e1nicos, la densidad esperada en el relleno de 900kg\/m<sup>3<\/sup>,producto del empacado del rechazo previa su disposici\u00f3n. Con estas consideraciones el volumen a disponer al d\u00eda variar\u00e1 entre 35m<sup>3 <\/sup>para el primer a\u00f1o hasta 15 m3 para los siguientes a\u00f1os.<\/span><\/p>\n<p class=\"MsoNormal\"><span><\/span><\/p>\n<p class=\"MsoNormal\"><span>\u00a0<\/span><\/p>\n<p class=\"MsoNormal\"><span>\u00a0<\/span><\/p>\n<p class=\"MsoNormal\"><span>\u00a0<\/span><\/p>\n<p class=\"MsoNormal\"><span>\u00a0<\/span><\/p>\n<p class=\"MsoNormal\"><span>\u00a0<\/span><\/p>\n<p class=\"MsoNormal\"><span>\u00a0<\/span><\/p>\n<p class=\"MsoNormal\"><span>\u00a0<\/span><\/p>\n<p class=\"MsoNormal\"><span>\u00a0<\/span><\/p>\n<p class=\"MsoNormal\"><span>\u00a0<\/span><\/p>\n<p class=\"MsoNormal\"><span>\u00a0<\/span><\/p>\n<p class=\"MsoNormal\"><span>\u00a0<\/span><\/p>\n<p class=\"MsoNormal\"><span>\u00a0<\/span><\/p>\n<p class=\"MsoNormal\"><span>\u00a0<\/span><\/p>\n<p class=\"MsoNormal\"><span>\u00a0<\/span><\/p>\n<p class=\"Sinespaciado\"><span>Foto 6. de Disposici\u00f3n final en relleno<\/span><\/p>\n<p><strong><span><span>\u00a0<\/span><\/span><\/strong><\/p>\n<p><strong><span><span><span>8.4<span>\u00a0\u00a0\u00a0 <\/span>CHIMENEAS DE CAPTACI\u00d3N DE GASES<\/span><\/span><\/span><span><\/span><\/strong><\/p>\n<p class=\"MsoNormal\"><span>\u00a0<\/span><\/p>\n<p class=\"MsoNormal\"><span>Del an\u00e1lisis de las caracter\u00edsticas de los residuos s\u00f3lidos a disponerse en el relleno sanitario posterior a su clasificaci\u00f3n en la fuente, selecci\u00f3n y empacado un porcentaje muy bajo (20%) corresponde a materia org\u00e1nica, la cual por efecto de la descomposici\u00f3n anaerobia producen emisiones gaseosas, las cuales est\u00e1n compuestas por diferentes tipos de gases, sin embargo recordar que el proceso de empacado reduce significativamente estas emisiones, a pesar de lo cual se recomienda mantener el concepto de evacuaci\u00f3n de gases mediante la construcci\u00f3n de chimeneas. <\/span><\/p>\n<p class=\"MsoNormal\"><span>\u00a0<\/span><\/p>\n<p class=\"BodyText31\"><span>Los principales componentes del biog\u00e1s generado en los residuos s\u00f3lidos son el metano y el di\u00f3xido de carbono; adem\u00e1s en bajas concentraciones se tiene nitr\u00f3geno y \u00e1cido sulfh\u00eddrico; sin embargo, existen otros componentes a nivel traza que son importantes por sus posibles efectos sobre la salud humana. En el siguiente cuadro se muestra la composici\u00f3n t\u00edpica del biog\u00e1s en un relleno sanitario.<\/span><\/p>\n<p class=\"MsoNormal\"><span>\u00a0<\/span><\/p>\n<p class=\"MsoNormal\"><span>\u00a0<\/span><\/p>\n<p class=\"MsoNormal\"><span>\u00a0<\/span><\/p>\n<p class=\"BodyText31\"><span>\u00a0<\/span><\/p>\n<p class=\"BodyText31\"><span>COMPOSICI\u00d3N Y CARACTER\u00cdSTICAS T\u00cdPICAS DEL BIOG\u00c1S<\/span><\/p>\n<p class=\"BodyText31\"><span>EN UN RELLENO SANITARIO<\/span><\/p>\n<p class=\"BodyText31\"><span>\u00a0<\/span><\/p>\n<div align=\"center\">\n<table cellpadding=\"0\" cellspacing=\"0\" border=\"1\" class=\"MsoNormalTable\">\n<tbody>\n<tr>\n<td width=\"230\">\n<p class=\"BodyText31\"><span>Componente<\/span><\/p>\n<\/td>\n<td width=\"217\">\n<p class=\"BodyText31\"><span>% del Componente<\/span><\/p>\n<p class=\"BodyText31\"><span>(volumen en base seca)<\/span><\/p>\n<\/td>\n<\/tr>\n<tr>\n<td width=\"230\">\n<p align=\"left\" class=\"BodyText31\"><span>Metano<\/span><\/p>\n<\/td>\n<td width=\"217\">\n<p class=\"BodyText31\"><span>47.5<\/span><\/p>\n<\/td>\n<\/tr>\n<tr>\n<td width=\"230\">\n<p align=\"left\" class=\"BodyText31\"><span>Bi\u00f3xido de carbono<\/span><\/p>\n<\/td>\n<td width=\"217\">\n<p class=\"BodyText31\"><span>47.5<\/span><\/p>\n<\/td>\n<\/tr>\n<tr>\n<td width=\"230\">\n<p align=\"left\" class=\"BodyText31\"><span>Nitr\u00f3geno<\/span><\/p>\n<\/td>\n<td width=\"217\">\n<p class=\"BodyText31\"><span>3.7<\/span><\/p>\n<\/td>\n<\/tr>\n<tr>\n<td width=\"230\">\n<p align=\"left\" class=\"BodyText31\"><span>Ox\u00edgeno<\/span><\/p>\n<\/td>\n<td width=\"217\">\n<p class=\"BodyText31\"><span>0.8<\/span><\/p>\n<\/td>\n<\/tr>\n<tr>\n<td width=\"230\">\n<p align=\"left\" class=\"BodyText31\"><span>Hidrocarburos arom\u00e1ticos y c\u00edclicos.<\/span><\/p>\n<\/td>\n<td width=\"217\">\n<p class=\"BodyText31\"><span>0.2<\/span><\/p>\n<\/td>\n<\/tr>\n<tr>\n<td width=\"230\">\n<p align=\"left\" class=\"BodyText31\"><span>Hidr\u00f3geno.<\/span><\/p>\n<\/td>\n<td width=\"217\">\n<p class=\"BodyText31\"><span>0.1<\/span><\/p>\n<\/td>\n<\/tr>\n<tr>\n<td width=\"230\">\n<p align=\"left\" class=\"BodyText31\"><span>\u00c1cido sulfh\u00eddrico.<\/span><\/p>\n<\/td>\n<td width=\"217\">\n<p class=\"BodyText31\"><span>0.01<\/span><\/p>\n<\/td>\n<\/tr>\n<tr>\n<td width=\"230\">\n<p align=\"left\" class=\"BodyText31\"><span>Mon\u00f3xido de carbono.<\/span><\/p>\n<\/td>\n<td width=\"217\">\n<p class=\"BodyText31\"><span>0.1<\/span><\/p>\n<\/td>\n<\/tr>\n<tr>\n<td width=\"230\">\n<p align=\"left\" class=\"BodyText31\"><span>Compuestos Trazas.<\/span><\/p>\n<\/td>\n<td width=\"217\">\n<p class=\"BodyText31\"><span>0.5<\/span><\/p>\n<\/td>\n<\/tr>\n<tr>\n<td width=\"230\">\n<p align=\"left\" class=\"BodyText31\"><span>Temperatura (en la fuente).<\/span><\/p>\n<\/td>\n<td width=\"217\">\n<p class=\"BodyText31\"><span>41<\/span><\/p>\n<\/td>\n<\/tr>\n<tr>\n<td width=\"230\">\n<p align=\"left\" class=\"BodyText31\"><span>Capacidad calor\u00edfica.<\/span><\/p>\n<\/td>\n<td width=\"217\">\n<p class=\"BodyText31\"><span>300-500<\/span><\/p>\n<\/td>\n<\/tr>\n<tr>\n<td width=\"230\">\n<p align=\"left\" class=\"BodyText31\"><span>Gravedad espec\u00edfica.<\/span><\/p>\n<\/td>\n<td width=\"217\">\n<p class=\"BodyText31\"><span>1.04<\/span><\/p>\n<\/td>\n<\/tr>\n<tr>\n<td width=\"230\">\n<p align=\"left\" class=\"BodyText31\"><span>Contenido de humedad.<\/span><\/p>\n<\/td>\n<td width=\"217\">\n<p class=\"BodyText31\"><span>Saturado<\/span><\/p>\n<\/td>\n<\/tr>\n<tr>\n<td width=\"230\">\n<p align=\"left\" class=\"BodyText31\"><span>Hidrocarburos paraf\u00ednicos.<\/span><\/p>\n<\/td>\n<td width=\"217\">\n<p class=\"BodyText31\"><span>0.1<\/span><\/p>\n<\/td>\n<\/tr>\n<\/tbody>\n<\/table><\/div>\n<p class=\"BodyText31\"><span>\u00a0<\/span><\/p>\n<p class=\"BodyText31\"><span>Tabla16. C<\/span><span>omposici\u00f3n y caracter\u00edsticas t\u00edpicas del biog\u00e1s<\/span><\/p>\n<p class=\"BodyText31\"><span>en un relleno sanitario<\/span><\/p>\n<p class=\"BodyText31\"><span>Fuente:<\/span><span> Manual para la rehabilitaci\u00f3n y clausura de tiraderos a cielo abierto, SEDESOL, 1996<\/span><\/p>\n<p class=\"MsoNormal\"><span>\u00a0<\/span><\/p>\n<p> <span><br clear=\"all\" \/><\/span> <\/p>\n<p class=\"MsoNormal\"><span>\u00a0<\/span><\/p>\n<p class=\"MsoNormal\"><span>En caso de no facilitar la salida de los gases del interior del relleno, este buscar\u00eda la zona menos compactada para salir o podr\u00eda ocasionar la formaci\u00f3n de bolsas de gas al interior del mismo. Por esta raz\u00f3n, se ha dimensionado la ubicaci\u00f3n y geometr\u00eda de chimeneas de captaci\u00f3n de gases conforme las recomendaciones de la bibliograf\u00eda especializada como se resume a continuaci\u00f3n:<\/span><\/p>\n<p class=\"MsoNormal\"><span>\u00a0<\/span><\/p>\n<ul>\n<li><span><\/span><span>Se ubicar\u00e1n las chimeneas sobre la \u00faltima capa de la base preparada del relleno, en la espina de pescado del drenaje.<\/span><\/li>\n<li><span><\/span><span>Se ubicar\u00e1n en forma de cuadr\u00edcula con un espaciamiento 20 m entre ellas, sobre los drenajes de lixiviados en la base del relleno.<\/span><\/li>\n<li><span><\/span><span>La secci\u00f3n de la chimenea ser\u00e1 cuadrada de 0.16 m2, a raz\u00f3n de 0.40 m por lado.<\/span><\/li>\n<li><span><\/span><span>Los aspectos constructivos de la chimenea ser\u00e1n en base al criterio de minimizar costos, por lo que se construir\u00e1n con palos en los v\u00e9rtices y con malla de gallinero en su per\u00edmetro. En su interior se colocar\u00e1 piedra porosa, o cortada, obtenida de la mina local de 5 a15 cm., de di\u00e1metro.<\/span><\/li>\n<li><span><\/span><span>Se ha previsto adicionalmente contar con una boquilla que permita la quema de los gases generados.<\/span><\/li>\n<\/ul>\n<p class=\"MsoNormal\"><span>\u00a0<\/span><\/p>\n<p class=\"MsoNormal\"><span>\u00a0<\/span><\/p>\n<p class=\"MsoNormal\"><span>\u00a0<\/span><\/p>\n<p class=\"MsoNormal\"><span>\u00a0<\/span><\/p>\n<p class=\"MsoNormal\"><span>\u00a0<\/span><\/p>\n<p class=\"MsoNormal\"><span>\u00a0<\/span><\/p>\n<p class=\"MsoNormal\"><span>\u00a0<\/span><\/p>\n<p class=\"MsoNormal\"><span>\u00a0<\/span><\/p>\n<p class=\"MsoNormal\"><span>\u00a0<\/span><\/p>\n<p class=\"MsoNormal\"><span>\u00a0<\/span><\/p>\n<p class=\"MsoNormal\"><span>\u00a0<\/span><\/p>\n<p class=\"MsoNormal\"><span>\u00a0<\/span><\/p>\n<p class=\"MsoNormal\"><span>\u00a0<\/span><\/p>\n<p class=\"MsoNormal\"><span>\u00a0<\/span><\/p>\n<p align=\"center\" class=\"MsoNormal\"><span>Gr\u00e1fico 3. Esquema de una chimenea<\/span><\/p>\n<p align=\"center\" class=\"MsoNormal\"><span>\u00a0<\/span><\/p>\n<p class=\"MsoNormal\"><span>\u00a0<\/span><\/p>\n<p class=\"MsoNormal\"><span>Las chimeneas que se terminan durante la fase de construcci\u00f3n del relleno, deber\u00e1 manten\u00e9rselas prendidas.<\/span><\/p>\n<p class=\"MsoNormal\"><span>\u00a0<\/span><\/p>\n<p class=\"MsoNormal\"><span>\u00a0<\/span><\/p>\n<p class=\"MsoNormal\"><span>\u00a0<\/span><\/p>\n<p class=\"MsoNormal\"><span>\u00a0<\/span><\/p>\n<p><strong><span>8.5<span>\u00a0\u00a0\u00a0 <\/span><span>SISTEMA DE DRENAJE DE AGUAS LLUVIAS<\/span><\/span><\/strong><\/p>\n<p class=\"MsoNormal\"><span>\u00a0<\/span><\/p>\n<p class=\"MsoNormal\"><span>Alrededor del \u00e1rea para la operaci\u00f3n del relleno se ha previsto la ubicaci\u00f3n de una serie de cunetas para interceptar las aguas lluvias para evitar que estas ingresen al relleno, aumentando el caudal de l\u00edquidos lixiviados.<\/span><\/p>\n<p class=\"MsoNormal\"><span>\u00a0<\/span><\/p>\n<p class=\"MsoNormal\"><span>Las cunetas para evitar escurrimiento de agua superficial al relleno deber\u00e1n ser implementadas a lo largo del per\u00edmetro del relleno<\/span><\/p>\n<p class=\"MsoNormal\"><span>\u00a0<\/span><\/p>\n<p class=\"MsoBodyText\"><span>Para el efecto se han procedido a dise\u00f1ar cunetas de canalizaci\u00f3n para las aguas lluvias mismas que tienen la particularidad de ser temporales y que tiene por objeto evitar que durante la operaci\u00f3n diaria de las celdas ingresen aguas lluvias durante todo la vida \u00fatil del relleno, por lo que su ubicaci\u00f3n depender\u00e1 de los requerimientos durante la operaci\u00f3n, no requieren de revestimiento.<\/span><\/p>\n<p> <span><br clear=\"all\" \/><\/span> <\/p>\n<p class=\"MsoNormal\"><span>\u00a0<\/span><\/p>\n<p><strong><span><span>8.6<span>\u00a0\u00a0\u00a0 <\/span>OBRAS COMPLEMENTARIAS<\/span><\/span><span><\/span><\/strong><\/p>\n<p class=\"MsoNormal\"><span>\u00a0<\/span><\/p>\n<p class=\"MsoNormal\"><b><span>8.6.1 Cerramiento<\/span><\/b><\/p>\n<p class=\"MsoNormal\"><span>\u00a0<\/span><\/p>\n<p class=\"MsoNormal\"><span>Cerramiento perimetral con postes de madera y 5 filas de alambre de p\u00faas galvanizado. Adjunto a este se realizar\u00e1 una siembra de una cerca viva.<\/span><\/p>\n<p class=\"MsoNormal\"><span>Puerta de malla de acceso peatonal y vehicular.<\/span><\/p>\n<p class=\"MsoNormal\"><span>\u00a0<\/span><\/p>\n<p class=\"MsoNormal\"><span>\u00a0<\/span><\/p>\n<p class=\"MsoNormal\"><b><span>8.6.2 Caseta de Control, Oficina T\u00e9cnica y bodega<\/span><\/b><\/p>\n<p class=\"MsoNormal\"><span>\u00a0<\/span><\/p>\n<p class=\"MsoNormal\"><span>Se contar\u00e1 con el espacio f\u00edsico para operar t\u00e9cnicamente el relleno mediante el trabajo del t\u00e9cnico destinado a este fin, de igual manera se contar\u00e1 con espacio para control de ingreso de personal y veh\u00edculos. Deber\u00e1 disponer de facilidades para el personal, con ba\u00f1o y bodega para almacenar herramientas menores. <\/span><\/p>\n<p class=\"MsoNormal\"><b><span>\u00a0<\/span><\/b><\/p>\n<p class=\"MsoNormal\"><b><span>8.6.3 Caseta de Guardian\u00eda<\/span><\/b><\/p>\n<p class=\"MsoNormal\"><span>\u00a0<\/span><\/p>\n<p class=\"MsoNormal\"><span>Se contar\u00e1 con espaci\u00f3 para permanencia del personal de guardian\u00eda en el cual se puedan alternar dos personas sobre \u00e1reas de cocina, sanitaria y descanso.<\/span><\/p>\n<p class=\"MsoNormal\"><span>\u00a0<\/span><\/p>\n<p class=\"MsoNormal\"><b><span>8.6.4 Tratamiento de aguas servidas provenientes de las casetas de guardian\u00eda y control<\/span><\/b><\/p>\n<p class=\"MsoNormal\"><span>\u00a0<\/span><\/p>\n<p class=\"MsoNormal\"><span>Estar\u00e1 constituido de: <\/span><\/p>\n<p class=\"MsoNormal\"><span>\u00a0<\/span><\/p>\n<p class=\"MsoNormal\"><span>Una red interna de alcantarillado para el manejo de aguas servidas generadas en las diferentes unidades que permitir\u00e1 descargar directamente en el sistema de tratamiento de l\u00edquidos lixiviados.<\/span><\/p>\n<p class=\"MsoNormal\"><span>\u00a0<\/span><\/p>\n<p class=\"MsoNormal\"><b><span>8.6.5 Cisterna de agua potable<\/span><\/b><\/p>\n<p class=\"MsoNormal\"><span>\u00a0<\/span><\/p>\n<p class=\"MsoNormal\"><span>Para el consumo de las diferentes unidades sanitarias, ser\u00e1 necesario disponer de una conexi\u00f3n a la red de agua entubada existente y que sirve a la comunidad.<\/span><\/p>\n<p class=\"MsoNormal\"><span>\u00a0<\/span><\/p>\n<p class=\"MsoNormal\"><span>De igual forma ser\u00e1n necesarias todas las instalaciones de artefactos sanitarios y puntos de agua.<\/span><\/p>\n<p class=\"MsoNormal\"><span>\u00a0<\/span><\/p>\n<p><strong><span><span>8.7<span>\u00a0\u00a0 <\/span>Equipo y maquinaria para la operaci\u00f3n<\/span><\/span><span><\/span><\/strong><\/p>\n<p class=\"MsoNormal\"><span>\u00a0<\/span><\/p>\n<p class=\"MsoNormal\"><span>Para la operaci\u00f3n del relleno sanitario se ha previsto contar con una mini &#8211; cargadora que es suficiente para manejo de las pacas de residuos producidos en las prensas es de notar que no se requiere el tradicional equipo de minado de material de cobertura ni tampoco se requiere su cargado, transporte, cobertura diaria ni compactaci\u00f3n por lo cual los costos de operaci\u00f3n y mantenimiento se reducen de manera sensible.<\/span><\/p>\n<p class=\"MsoNormal\"><span>\u00a0<\/span><\/p>\n<ol>\n<li><strong><\/strong><\/li>\n<\/ol>\n<p class=\"MsoNormal\"><span>\u00a0<\/span><\/p>\n<p class=\"MsoNormal\"><span>Para la determinaci\u00f3n de los presupuestos de inversi\u00f3n se ha seguido la siguiente metodolog\u00eda:<\/span><\/p>\n<p class=\"MsoNormal\"><span>\u00a0<\/span><\/p>\n<ul>\n<li><span>Determinaci\u00f3n de rubros principales.<\/span><\/li>\n<li><span>C\u00e1lculo de cantidades de obra.<\/span><\/li>\n<li><\/li>\n<li><span>An\u00e1lisis de precios unitarios.<\/span><\/li>\n<li><span>C\u00e1lculo del presupuesto<\/span><\/li>\n<\/ul>\n<p><strong><span>9.1 DETERMINACI\u00d3N DE RUBROS<\/span><span><\/span><\/strong><\/p>\n<p class=\"MsoNormal\"><span>\u00a0<\/span><\/p>\n<p class=\"MsoNormal\"><span>Se determinaron los diferentes componentes que conforman el centro de gesti\u00f3n integral de residuos s\u00f3lidos y que tiene como componentes principales: el relleno sanitario, el \u00e1rea de compostaje y el \u00e1rea de reciclaje siendo los siguientes:<\/span><\/p>\n<p class=\"MsoNormal\"><span>\u00a0<\/span><\/p>\n<ul>\n<li><span>Cuneta de coronaci\u00f3n<\/span><\/li>\n<li><span>Conformaci\u00f3n e impermeabilizaci\u00f3n de terraza<\/span><\/li>\n<li><span>Drenes de recolecci\u00f3n de lixiviados del relleno, \u00e1rea de compostaje y reciclaje.<\/span><\/li>\n<li><span>Sistema de alcantarillado de lixiviados hacia almacenamiento<\/span><\/li>\n<li><span>Sistema de almacenamiento de lixiviados<\/span><\/li>\n<li><span>Nave para reciclaje<\/span><\/li>\n<li><span>Nave de compostaje<\/span><\/li>\n<li><span>\u00c1reas sanitarias<\/span><\/li>\n<li><span>\u00c1reas administrativas<\/span><\/li>\n<\/ul>\n<p class=\"MsoNormal\"><span>\u00a0<\/span><\/p>\n<p><strong><span>9.2\u00a0\u00a0 CANTIDADES DE OBRA<\/span><span><\/span><\/strong><\/p>\n<p class=\"MsoNormal\"><span>\u00a0<\/span><\/p>\n<p class=\"MsoNormal\"><span>Las cantidades de obra se han determinado a partir de los dise\u00f1os realizados, cuyos planos en planta y perfil se adjuntan al presente documento.<\/span><\/p>\n<p><strong><span>9.3\u00a0\u00a0 <\/span><span><span>COSTOS DIRECTOS<\/span><\/span><span><\/span><\/strong><\/p>\n<p class=\"MsoNormal\"><span>\u00a0<\/span><\/p>\n<p class=\"MsoNormal\"><span>Se tomaron todos aquellos producidos por los gastos en mano de obra, materiales, equipo y transporte efectuados exclusivamente para la ejecuci\u00f3n de las cantidades de obra de cada uno de los subsistemas dise\u00f1ados. Para el c\u00e1lculo de los costos directos se consider\u00f3:<\/span><\/p>\n<p class=\"MsoNormal\"><span><\/span><\/p>\n<ol style=\"list-style-type: lower-alpha;\">\n<li><span>El costo horario de los equipos de construcci\u00f3n.<\/span><\/li>\n<li><span>Los salarios de la mano de obra.<\/span><\/li>\n<li><span>Rendimientos de los equipos.<\/span><\/li>\n<li><span>Precios de los materiales.<\/span><\/li>\n<li><span>Costos de transporte.<\/span><\/li>\n<\/ol>\n<p><strong><span>9.4 COSTOS INDIRECTOS Y UTILIDADES<\/span><span><\/span><\/strong><\/p>\n<p class=\"MsoNormal\"><span>\u00a0<\/span><\/p>\n<p class=\"MsoNormal\"><span>Los costos indirectos de construcci\u00f3n, se ha estimado en el 23%, han sido determinados en base a los gastos t\u00e9cnico &#8211; administrativos necesarios para la correcta realizaci\u00f3n del proyecto; es decir todos aquellos gastos que se realizan para la ejecuci\u00f3n del proyecto y que no han sido considerados como costo directo. La utilidad ser\u00e1 el remanente en beneficio del constructor. Para el c\u00e1lculo de los costos indirectos se ha estimado el personal t\u00e9cnico y de apoyo para la direcci\u00f3n de la obra, en el tiempo que dure la ejecuci\u00f3n de los trabajos, personal y equipo para la correcta administraci\u00f3n, locales provisionales, veh\u00edculos, la utilizaci\u00f3n de servicios p\u00fablicos, los gastos en promoci\u00f3n (relaciones p\u00fablicas, etc.), las garant\u00edas obligatorias en el marco de la ley org\u00e1nica del sistema nacional de contrataci\u00f3n p\u00fablica, p\u00f3lizas de seguros para el personal y del equipo de construcci\u00f3n, los costos financieros y la seguridad para la prevenci\u00f3n de accidentes.<\/span><\/p>\n<p class=\"MsoNormal\"><span>\u00a0<\/span><\/p>\n<div align=\"center\">\n<table cellpadding=\"0\" cellspacing=\"0\" border=\"1\" class=\"MsoNormalTable\">\n<tbody>\n<tr>\n<td width=\"298\" valign=\"top\">\n<p class=\"MsoNormal\"><b><span>Descripci\u00f3n<\/span><\/b><\/p>\n<\/td>\n<td width=\"82\" valign=\"top\">\n<p class=\"MsoNormal\"><b><span>%<\/span><\/b><\/p>\n<\/td>\n<\/tr>\n<tr>\n<td width=\"298\" valign=\"top\">\n<p class=\"MsoNormal\"><span>Utilidad<\/span><\/p>\n<\/td>\n<td width=\"82\" valign=\"top\">\n<p class=\"MsoNormal\"><span>10,00<\/span><\/p>\n<\/td>\n<\/tr>\n<tr>\n<td width=\"298\" valign=\"top\">\n<p class=\"MsoNormal\"><span>Gastos Administrativos<\/span><\/p>\n<\/td>\n<td width=\"82\" valign=\"top\">\n<p class=\"MsoNormal\"><span>8,00<\/span><\/p>\n<\/td>\n<\/tr>\n<tr>\n<td width=\"298\" valign=\"top\">\n<p class=\"MsoNormal\"><span>Imprevistos<\/span><\/p>\n<\/td>\n<td width=\"82\" valign=\"top\">\n<p class=\"MsoNormal\"><span>5,00<\/span><\/p>\n<\/td>\n<\/tr>\n<tr>\n<td width=\"298\" valign=\"top\">\n<p class=\"MsoNormal\"><b><span>Total Costos Indirectos<\/span><\/b><\/p>\n<\/td>\n<td width=\"82\" valign=\"top\">\n<p class=\"MsoNormal\"><b><span>23,00<\/span><\/b><\/p>\n<\/td>\n<\/tr>\n<\/tbody>\n<\/table><\/div>\n<p align=\"center\" class=\"MsoNormal\"><span>TABLA 9<\/span><\/p>\n<p align=\"center\" class=\"MsoNormal\"><b><span>Desglose de los costos indirectos<\/span><\/b><\/p>\n<p class=\"MsoNormal\"><span>\u00a0<\/span><\/p>\n<p class=\"MsoNormal\"><b><span>9.5<span>\u00a0\u00a0\u00a0\u00a0 <\/span>TABLA DE CANTIDADES DE OBRA.<\/span><\/b><\/p>\n<p class=\"MsoNormal\"><span>\u00a0<\/span><\/p>\n<p class=\"MsoNormal\"><span>Se detallan las cantidades de obra calculadas en base de los planos definitivos y ser\u00e1n las usadas para los procesos de selecci\u00f3n de ofertas y de fiscalizaci\u00f3n de obras.<\/span><\/p>\n<p class=\"MsoNormal\"><b><span>\u00a0<\/span><\/b><\/p>\n<p class=\"MsoNormal\"><b><span>9.6<span>\u00a0\u00a0\u00a0\u00a0 <\/span>AN\u00c1LISIS DE PRECIOS UNITARIOS Y TABLA DE PRESUPUESTO REFERENCIAL<\/span><\/b><\/p>\n<p class=\"MsoNormal\"><b><span>\u00a0<\/span><\/b><\/p>\n<p class=\"MsoNormal\"><span>Se ha realizado el an\u00e1lisis de precios unitarios de cada uno de los rubros que intervienen en la ejecuci\u00f3n de obras civiles, considerando precios e mercado para los materiales, salarios de acuerdo a la ley para los obreros y rendimientos promedios de la zona, los valores calculados no toman en cuenta impuestos pero si los costos indirectos.<\/span><\/p>\n<p class=\"MsoNormal\"><b><span>\u00a0<\/span><\/b><\/p>\n<p class=\"MsoNormal\"><span>Para la elaboraci\u00f3n de esta tabla se han considerado los siguientes factores:<\/span><\/p>\n<p class=\"MsoNormal\"><span>\u00a0<\/span><\/p>\n<ul>\n<li class=\"MsoNormal\"><span>Costo de construcci\u00f3n de obras civiles.<\/span><\/li>\n<li class=\"MsoNormal\"><span>Vol\u00famenes definitivos de obra.<\/span><\/li>\n<li class=\"MsoNormal\"><span>An\u00e1lisis de precios unitarios actualizados de todos los ru\u00adbros del presupuesto.<\/span><\/li>\n<li class=\"MsoNormal\"><span>Resumen y costo de materiales y equipos empleados en el proyecto.<\/span><\/li>\n<li class=\"MsoNormal\"><span>Costos de adquisici\u00f3n de equipos.<\/span><\/li>\n<\/ul>\n<p class=\"MsoNormal\"><span>No se consideran reajustes de precios debido a ser una obra de corta duraci\u00f3n.<\/span><\/p>\n<ol>\n<li><strong><span>9ESPECIFICACIONES T\u00c9CNICAS DE MATERIALES DE CONSTRUCCI\u00d3N <\/span><\/strong><\/li>\n<\/ol>\n<p class=\"MsoNormal\"><span>\u00a0<\/span><\/p>\n<p class=\"MsoNormal\"><span>Para cada uno de los rubros que se ejecutaran en la obra se han considerado especificaciones t\u00e9cnicas generales y particulares a fin de facilitar tanto el proceso de construcci\u00f3n as\u00ed como el seguimiento y fiscalizaci\u00f3n de las obras.<\/span><\/p>\n","protected":false},"excerpt":{"rendered":"<p>DISE\u00d1OS PRELIMINARES PARA LA CONSTRUCCION DEL RELLENO SANITARIO Y OBRAS CIVILES DEL ECOPARQUE PARA LA GESTION DE RESIDUOS SOLIDOS DE LA EMPRESA MUNICIPAL MANCOMUNADA DE ASEO INTEGRAL DE LA CUENCA DEL RIO PAUTE \u00a0\u00a0\u00a0\u00a0\u00a0( EMMAI-CP-EP), UBICADO EN LA PARROQUIA ZHIDMAD, CANTON GUALACEO, PROVINCIA DEL AZUAY. \u00a0 \u201cMEMORIA EJECUTIVA Y DESCRIPTIVA\u201d \u00a0 INFORME\u00a0\u00a0 DEFINITIVO \u00a0 \u00a0 [&hellip;]<\/p>\n","protected":false},"author":4,"featured_media":0,"comment_status":"closed","ping_status":"closed","sticky":false,"template":"","format":"standard","meta":{"footnotes":""},"categories":[1],"tags":[],"class_list":["post-122","post","type-post","status-publish","format-standard","hentry","category-sin-categoria"],"yoast_head":"<!-- This site is optimized with the Yoast SEO plugin v24.1 - https:\/\/yoast.com\/wordpress\/plugins\/seo\/ -->\n<title>Noticias - GAD Parroquial de Zhidmad<\/title>\n<meta name=\"robots\" content=\"index, follow, max-snippet:-1, max-image-preview:large, max-video-preview:-1\" \/>\n<link rel=\"canonical\" href=\"https:\/\/zhidmad.gob.ec\/azuay\/noticias\/\" \/>\n<meta property=\"og:locale\" content=\"es_ES\" \/>\n<meta property=\"og:type\" content=\"article\" \/>\n<meta property=\"og:title\" content=\"Noticias - GAD Parroquial de Zhidmad\" \/>\n<meta property=\"og:description\" content=\"DISE\u00d1OS PRELIMINARES PARA LA CONSTRUCCION DEL RELLENO SANITARIO Y OBRAS CIVILES DEL ECOPARQUE PARA LA GESTION DE RESIDUOS SOLIDOS DE LA EMPRESA MUNICIPAL MANCOMUNADA DE ASEO INTEGRAL DE LA CUENCA DEL RIO PAUTE \u00a0\u00a0\u00a0\u00a0\u00a0( EMMAI-CP-EP), UBICADO EN LA PARROQUIA ZHIDMAD, CANTON GUALACEO, PROVINCIA DEL AZUAY. \u00a0 \u201cMEMORIA EJECUTIVA Y DESCRIPTIVA\u201d \u00a0 INFORME\u00a0\u00a0 DEFINITIVO \u00a0 \u00a0 [&hellip;]\" \/>\n<meta property=\"og:url\" content=\"https:\/\/zhidmad.gob.ec\/azuay\/noticias\/\" \/>\n<meta property=\"og:site_name\" content=\"GAD Parroquial de Zhidmad\" \/>\n<meta property=\"article:published_time\" content=\"2011-08-22T04:24:23+00:00\" \/>\n<meta name=\"author\" content=\"azhidmad\" \/>\n<meta name=\"twitter:card\" content=\"summary_large_image\" \/>\n<meta name=\"twitter:label1\" content=\"Escrito por\" \/>\n\t<meta name=\"twitter:data1\" content=\"azhidmad\" \/>\n\t<meta name=\"twitter:label2\" content=\"Tiempo de lectura\" \/>\n\t<meta name=\"twitter:data2\" content=\"81 minutos\" \/>\n<script type=\"application\/ld+json\" class=\"yoast-schema-graph\">{\"@context\":\"https:\/\/schema.org\",\"@graph\":[{\"@type\":\"Article\",\"@id\":\"https:\/\/zhidmad.gob.ec\/azuay\/noticias\/#article\",\"isPartOf\":{\"@id\":\"https:\/\/zhidmad.gob.ec\/azuay\/noticias\/\"},\"author\":{\"name\":\"azhidmad\",\"@id\":\"https:\/\/zhidmad.gob.ec\/azuay\/#\/schema\/person\/d4c1d8fc5493fa39b4e7a46d04efde6c\"},\"headline\":\"Noticias\",\"datePublished\":\"2011-08-22T04:24:23+00:00\",\"dateModified\":\"2011-08-22T04:24:23+00:00\",\"mainEntityOfPage\":{\"@id\":\"https:\/\/zhidmad.gob.ec\/azuay\/noticias\/\"},\"wordCount\":16251,\"publisher\":{\"@id\":\"https:\/\/zhidmad.gob.ec\/azuay\/#organization\"},\"inLanguage\":\"es\"},{\"@type\":\"WebPage\",\"@id\":\"https:\/\/zhidmad.gob.ec\/azuay\/noticias\/\",\"url\":\"https:\/\/zhidmad.gob.ec\/azuay\/noticias\/\",\"name\":\"Noticias - GAD Parroquial de Zhidmad\",\"isPartOf\":{\"@id\":\"https:\/\/zhidmad.gob.ec\/azuay\/#website\"},\"datePublished\":\"2011-08-22T04:24:23+00:00\",\"dateModified\":\"2011-08-22T04:24:23+00:00\",\"breadcrumb\":{\"@id\":\"https:\/\/zhidmad.gob.ec\/azuay\/noticias\/#breadcrumb\"},\"inLanguage\":\"es\",\"potentialAction\":[{\"@type\":\"ReadAction\",\"target\":[\"https:\/\/zhidmad.gob.ec\/azuay\/noticias\/\"]}]},{\"@type\":\"BreadcrumbList\",\"@id\":\"https:\/\/zhidmad.gob.ec\/azuay\/noticias\/#breadcrumb\",\"itemListElement\":[{\"@type\":\"ListItem\",\"position\":1,\"name\":\"Home\",\"item\":\"https:\/\/zhidmad.gob.ec\/azuay\/\"},{\"@type\":\"ListItem\",\"position\":2,\"name\":\"Noticias\"}]},{\"@type\":\"WebSite\",\"@id\":\"https:\/\/zhidmad.gob.ec\/azuay\/#website\",\"url\":\"https:\/\/zhidmad.gob.ec\/azuay\/\",\"name\":\"GAD Parroquial de Zhidmad\",\"description\":\"Sitio Oficial del GAD Parroquial Zhidmad Azuay\",\"publisher\":{\"@id\":\"https:\/\/zhidmad.gob.ec\/azuay\/#organization\"},\"potentialAction\":[{\"@type\":\"SearchAction\",\"target\":{\"@type\":\"EntryPoint\",\"urlTemplate\":\"https:\/\/zhidmad.gob.ec\/azuay\/?s={search_term_string}\"},\"query-input\":{\"@type\":\"PropertyValueSpecification\",\"valueRequired\":true,\"valueName\":\"search_term_string\"}}],\"inLanguage\":\"es\"},{\"@type\":\"Organization\",\"@id\":\"https:\/\/zhidmad.gob.ec\/azuay\/#organization\",\"name\":\"GAD Zhidmad\",\"url\":\"https:\/\/zhidmad.gob.ec\/azuay\/\",\"logo\":{\"@type\":\"ImageObject\",\"inLanguage\":\"es\",\"@id\":\"https:\/\/zhidmad.gob.ec\/azuay\/#\/schema\/logo\/image\/\",\"url\":\"https:\/\/zhidmad.gob.ec\/azuay\/wp-content\/uploads\/2020\/06\/logoFooter.png\",\"contentUrl\":\"https:\/\/zhidmad.gob.ec\/azuay\/wp-content\/uploads\/2020\/06\/logoFooter.png\",\"width\":200,\"height\":150,\"caption\":\"GAD Zhidmad\"},\"image\":{\"@id\":\"https:\/\/zhidmad.gob.ec\/azuay\/#\/schema\/logo\/image\/\"}},{\"@type\":\"Person\",\"@id\":\"https:\/\/zhidmad.gob.ec\/azuay\/#\/schema\/person\/d4c1d8fc5493fa39b4e7a46d04efde6c\",\"name\":\"azhidmad\",\"image\":{\"@type\":\"ImageObject\",\"inLanguage\":\"es\",\"@id\":\"https:\/\/zhidmad.gob.ec\/azuay\/#\/schema\/person\/image\/\",\"url\":\"https:\/\/secure.gravatar.com\/avatar\/b7ceb8d4252728c0b1d1cd3b9cad0763b9c634e606648daa884e5ee6d60d6ebc?s=96&d=mm&r=g\",\"contentUrl\":\"https:\/\/secure.gravatar.com\/avatar\/b7ceb8d4252728c0b1d1cd3b9cad0763b9c634e606648daa884e5ee6d60d6ebc?s=96&d=mm&r=g\",\"caption\":\"azhidmad\"},\"url\":\"https:\/\/zhidmad.gob.ec\/azuay\/author\/azhidmad\/\"}]}<\/script>\n<!-- \/ Yoast SEO plugin. -->","yoast_head_json":{"title":"Noticias - GAD Parroquial de Zhidmad","robots":{"index":"index","follow":"follow","max-snippet":"max-snippet:-1","max-image-preview":"max-image-preview:large","max-video-preview":"max-video-preview:-1"},"canonical":"https:\/\/zhidmad.gob.ec\/azuay\/noticias\/","og_locale":"es_ES","og_type":"article","og_title":"Noticias - GAD Parroquial de Zhidmad","og_description":"DISE\u00d1OS PRELIMINARES PARA LA CONSTRUCCION DEL RELLENO SANITARIO Y OBRAS CIVILES DEL ECOPARQUE PARA LA GESTION DE RESIDUOS SOLIDOS DE LA EMPRESA MUNICIPAL MANCOMUNADA DE ASEO INTEGRAL DE LA CUENCA DEL RIO PAUTE \u00a0\u00a0\u00a0\u00a0\u00a0( EMMAI-CP-EP), UBICADO EN LA PARROQUIA ZHIDMAD, CANTON GUALACEO, PROVINCIA DEL AZUAY. \u00a0 \u201cMEMORIA EJECUTIVA Y DESCRIPTIVA\u201d \u00a0 INFORME\u00a0\u00a0 DEFINITIVO \u00a0 \u00a0 [&hellip;]","og_url":"https:\/\/zhidmad.gob.ec\/azuay\/noticias\/","og_site_name":"GAD Parroquial de Zhidmad","article_published_time":"2011-08-22T04:24:23+00:00","author":"azhidmad","twitter_card":"summary_large_image","twitter_misc":{"Escrito por":"azhidmad","Tiempo de lectura":"81 minutos"},"schema":{"@context":"https:\/\/schema.org","@graph":[{"@type":"Article","@id":"https:\/\/zhidmad.gob.ec\/azuay\/noticias\/#article","isPartOf":{"@id":"https:\/\/zhidmad.gob.ec\/azuay\/noticias\/"},"author":{"name":"azhidmad","@id":"https:\/\/zhidmad.gob.ec\/azuay\/#\/schema\/person\/d4c1d8fc5493fa39b4e7a46d04efde6c"},"headline":"Noticias","datePublished":"2011-08-22T04:24:23+00:00","dateModified":"2011-08-22T04:24:23+00:00","mainEntityOfPage":{"@id":"https:\/\/zhidmad.gob.ec\/azuay\/noticias\/"},"wordCount":16251,"publisher":{"@id":"https:\/\/zhidmad.gob.ec\/azuay\/#organization"},"inLanguage":"es"},{"@type":"WebPage","@id":"https:\/\/zhidmad.gob.ec\/azuay\/noticias\/","url":"https:\/\/zhidmad.gob.ec\/azuay\/noticias\/","name":"Noticias - GAD Parroquial de Zhidmad","isPartOf":{"@id":"https:\/\/zhidmad.gob.ec\/azuay\/#website"},"datePublished":"2011-08-22T04:24:23+00:00","dateModified":"2011-08-22T04:24:23+00:00","breadcrumb":{"@id":"https:\/\/zhidmad.gob.ec\/azuay\/noticias\/#breadcrumb"},"inLanguage":"es","potentialAction":[{"@type":"ReadAction","target":["https:\/\/zhidmad.gob.ec\/azuay\/noticias\/"]}]},{"@type":"BreadcrumbList","@id":"https:\/\/zhidmad.gob.ec\/azuay\/noticias\/#breadcrumb","itemListElement":[{"@type":"ListItem","position":1,"name":"Home","item":"https:\/\/zhidmad.gob.ec\/azuay\/"},{"@type":"ListItem","position":2,"name":"Noticias"}]},{"@type":"WebSite","@id":"https:\/\/zhidmad.gob.ec\/azuay\/#website","url":"https:\/\/zhidmad.gob.ec\/azuay\/","name":"GAD Parroquial de Zhidmad","description":"Sitio Oficial del GAD Parroquial Zhidmad Azuay","publisher":{"@id":"https:\/\/zhidmad.gob.ec\/azuay\/#organization"},"potentialAction":[{"@type":"SearchAction","target":{"@type":"EntryPoint","urlTemplate":"https:\/\/zhidmad.gob.ec\/azuay\/?s={search_term_string}"},"query-input":{"@type":"PropertyValueSpecification","valueRequired":true,"valueName":"search_term_string"}}],"inLanguage":"es"},{"@type":"Organization","@id":"https:\/\/zhidmad.gob.ec\/azuay\/#organization","name":"GAD Zhidmad","url":"https:\/\/zhidmad.gob.ec\/azuay\/","logo":{"@type":"ImageObject","inLanguage":"es","@id":"https:\/\/zhidmad.gob.ec\/azuay\/#\/schema\/logo\/image\/","url":"https:\/\/zhidmad.gob.ec\/azuay\/wp-content\/uploads\/2020\/06\/logoFooter.png","contentUrl":"https:\/\/zhidmad.gob.ec\/azuay\/wp-content\/uploads\/2020\/06\/logoFooter.png","width":200,"height":150,"caption":"GAD Zhidmad"},"image":{"@id":"https:\/\/zhidmad.gob.ec\/azuay\/#\/schema\/logo\/image\/"}},{"@type":"Person","@id":"https:\/\/zhidmad.gob.ec\/azuay\/#\/schema\/person\/d4c1d8fc5493fa39b4e7a46d04efde6c","name":"azhidmad","image":{"@type":"ImageObject","inLanguage":"es","@id":"https:\/\/zhidmad.gob.ec\/azuay\/#\/schema\/person\/image\/","url":"https:\/\/secure.gravatar.com\/avatar\/b7ceb8d4252728c0b1d1cd3b9cad0763b9c634e606648daa884e5ee6d60d6ebc?s=96&d=mm&r=g","contentUrl":"https:\/\/secure.gravatar.com\/avatar\/b7ceb8d4252728c0b1d1cd3b9cad0763b9c634e606648daa884e5ee6d60d6ebc?s=96&d=mm&r=g","caption":"azhidmad"},"url":"https:\/\/zhidmad.gob.ec\/azuay\/author\/azhidmad\/"}]}},"_links":{"self":[{"href":"https:\/\/zhidmad.gob.ec\/azuay\/wp-json\/wp\/v2\/posts\/122","targetHints":{"allow":["GET"]}}],"collection":[{"href":"https:\/\/zhidmad.gob.ec\/azuay\/wp-json\/wp\/v2\/posts"}],"about":[{"href":"https:\/\/zhidmad.gob.ec\/azuay\/wp-json\/wp\/v2\/types\/post"}],"author":[{"embeddable":true,"href":"https:\/\/zhidmad.gob.ec\/azuay\/wp-json\/wp\/v2\/users\/4"}],"replies":[{"embeddable":true,"href":"https:\/\/zhidmad.gob.ec\/azuay\/wp-json\/wp\/v2\/comments?post=122"}],"version-history":[{"count":0,"href":"https:\/\/zhidmad.gob.ec\/azuay\/wp-json\/wp\/v2\/posts\/122\/revisions"}],"wp:attachment":[{"href":"https:\/\/zhidmad.gob.ec\/azuay\/wp-json\/wp\/v2\/media?parent=122"}],"wp:term":[{"taxonomy":"category","embeddable":true,"href":"https:\/\/zhidmad.gob.ec\/azuay\/wp-json\/wp\/v2\/categories?post=122"},{"taxonomy":"post_tag","embeddable":true,"href":"https:\/\/zhidmad.gob.ec\/azuay\/wp-json\/wp\/v2\/tags?post=122"}],"curies":[{"name":"wp","href":"https:\/\/api.w.org\/{rel}","templated":true}]}}